{"id":1766,"date":"2012-07-05T17:06:24","date_gmt":"2012-07-05T17:06:24","guid":{"rendered":"http:\/\/www.ollmetzer.com\/?p=1766"},"modified":"2012-07-05T17:06:25","modified_gmt":"2012-07-05T17:06:25","slug":"berlin-fashion-messe-show","status":"publish","type":"post","link":"https:\/\/www.ollmetzer.com\/?p=1766","title":{"rendered":"Berlin &#8211; Fashion &#8211; Messe &#8211; Show"},"content":{"rendered":"<p>Ich habe in meinem Blog nie \u00fcber die Firmen geschrieben, f\u00fcr die ich gearbeitet habe. Heute mache ich mal eine wohlbegr\u00fcndete Ausnahme.<\/p>\n<p>In dieser Woche dreht sich in Berlin alles um Mode. Mein Arbeitgeber organisierte im Rahmen der Bread&amp;Butter auch\u00a0eine Veranstaltung \u2013 also auf nach Berlin mit der ganzen Firma.<\/p>\n<div id=\"attachment_1762\" style=\"width: 490px\" class=\"wp-caption aligncenter\"><a rel=\"attachment wp-att-1762\" href=\"http:\/\/www.ollmetzer.com\/?attachment_id=1762\"><img loading=\"lazy\" decoding=\"async\" aria-describedby=\"caption-attachment-1762\" class=\"size-medium wp-image-1762\" title=\"CBR Badge\" src=\"http:\/\/www.ollmetzer.com\/wp-content\/uploads\/2012\/07\/cbr_badge-480x304.jpg\" alt=\"CBR Badge\" width=\"480\" height=\"304\" srcset=\"https:\/\/www.ollmetzer.com\/wp-content\/uploads\/2012\/07\/cbr_badge-480x304.jpg 480w, https:\/\/www.ollmetzer.com\/wp-content\/uploads\/2012\/07\/cbr_badge.jpg 800w\" sizes=\"auto, (max-width: 480px) 100vw, 480px\" \/><\/a><p id=\"caption-attachment-1762\" class=\"wp-caption-text\">CBR Badge<\/p><\/div>\n<p>Bereits bei der Anreise bemerkte ich, dass die Berichterstattung im  Radio voll davon war, welches Label gerade Aktionen macht und wo Parties  gefeiert werden. Man muss in dieser Stadt schon richtig etwas  auffahren, um wahrgenommen zu werden.<\/p>\n<p>Man kann mit Fug und Recht behaupten, dass das der CBR Fashion Group gelungen ist.<\/p>\n<p>Es wurde das komplette Palais am Funkturm gemietet, um den Partnern (also haupts\u00e4chlich den Einzelh\u00e4ndlern, die unsere Marken vertreiben) die neue Ausrichtung der Marken Street One und Cecil zu pr\u00e4sentieren &#8211; neues Branding, die Richtung der zuk\u00fcnftigen Kollektionen, welche Kundinnen adressiert werden, wie der neue Ladenbau aussieht und so weiter.<\/p>\n<div id=\"attachment_1763\" style=\"width: 490px\" class=\"wp-caption aligncenter\"><a rel=\"attachment wp-att-1763\" href=\"http:\/\/www.ollmetzer.com\/?attachment_id=1763\"><img loading=\"lazy\" decoding=\"async\" aria-describedby=\"caption-attachment-1763\" class=\"size-medium wp-image-1763\" title=\"Lobby vom Palais am Funkturm\" src=\"http:\/\/www.ollmetzer.com\/wp-content\/uploads\/2012\/07\/cbr_lobby-480x287.jpg\" alt=\"Lobby vom Palais am Funkturm\" width=\"480\" height=\"287\" srcset=\"https:\/\/www.ollmetzer.com\/wp-content\/uploads\/2012\/07\/cbr_lobby-480x287.jpg 480w, https:\/\/www.ollmetzer.com\/wp-content\/uploads\/2012\/07\/cbr_lobby.jpg 800w\" sizes=\"auto, (max-width: 480px) 100vw, 480px\" \/><\/a><p id=\"caption-attachment-1763\" class=\"wp-caption-text\">Palais am Funkturm - Lobby<\/p><\/div>\n<div id=\"attachment_1765\" style=\"width: 490px\" class=\"wp-caption aligncenter\"><a rel=\"attachment wp-att-1765\" href=\"http:\/\/www.ollmetzer.com\/?attachment_id=1765\"><img loading=\"lazy\" decoding=\"async\" aria-describedby=\"caption-attachment-1765\" class=\"size-medium wp-image-1765\" title=\"Der neue Ladenbau\" src=\"http:\/\/www.ollmetzer.com\/wp-content\/uploads\/2012\/07\/cbr_stores-480x287.jpg\" alt=\"Der neue Ladenbau\" width=\"480\" height=\"287\" srcset=\"https:\/\/www.ollmetzer.com\/wp-content\/uploads\/2012\/07\/cbr_stores-480x287.jpg 480w, https:\/\/www.ollmetzer.com\/wp-content\/uploads\/2012\/07\/cbr_stores.jpg 800w\" sizes=\"auto, (max-width: 480px) 100vw, 480px\" \/><\/a><p id=\"caption-attachment-1765\" class=\"wp-caption-text\">Neues Logo, neuer Ladenbau<\/p><\/div>\n<p>Das Ganze wurde von einem sehr beeindruckenden Rahmenprogramm f\u00fcr die ca. 3000 G\u00e4ste begleitet: Der Ort ist genial, die B\u00fcffets waren super, die Pr\u00e4sentationen \u00fcberzeugend.<\/p>\n<div id=\"attachment_1764\" style=\"width: 490px\" class=\"wp-caption aligncenter\"><a rel=\"attachment wp-att-1764\" href=\"http:\/\/www.ollmetzer.com\/?attachment_id=1764\"><img loading=\"lazy\" decoding=\"async\" aria-describedby=\"caption-attachment-1764\" class=\"size-medium wp-image-1764\" title=\"Brand Show\" src=\"http:\/\/www.ollmetzer.com\/wp-content\/uploads\/2012\/07\/cbr_preshow-480x287.jpg\" alt=\"Brand Show\" width=\"480\" height=\"287\" srcset=\"https:\/\/www.ollmetzer.com\/wp-content\/uploads\/2012\/07\/cbr_preshow-480x287.jpg 480w, https:\/\/www.ollmetzer.com\/wp-content\/uploads\/2012\/07\/cbr_preshow.jpg 800w\" sizes=\"auto, (max-width: 480px) 100vw, 480px\" \/><\/a><p id=\"caption-attachment-1764\" class=\"wp-caption-text\">Kurz vor der Brand Show<\/p><\/div>\n<p>Nach den Pr\u00e4sentationen der Marken traten tats\u00e4chlich Duran Duran auf und gaben alle ihre Hits und auch viele weniger bekannte St\u00fccke zum Besten. Ich h\u00e4tte nie gedacht, diese Recken noch mal live zu sehen. Das Publikum kam bei Songs wie &#8222;The Reflex&#8220; und &#8222;Wild Boys&#8220; auch gut in Stimmung und sang mit. Bei der anschliessenden Party legte Fritz Kalkbrenner auf und hielt mich und viele meiner Kollegen bis sp\u00e4t in die Nacht auf der Tanzfl\u00e4che.<\/p>\n<div id=\"attachment_1761\" style=\"width: 490px\" class=\"wp-caption aligncenter\"><a rel=\"attachment wp-att-1761\" href=\"http:\/\/www.ollmetzer.com\/?attachment_id=1761\"><img loading=\"lazy\" decoding=\"async\" aria-describedby=\"caption-attachment-1761\" class=\"size-medium wp-image-1761\" title=\"Erstklassiges Rahmenprogramm\" src=\"http:\/\/www.ollmetzer.com\/wp-content\/uploads\/2012\/07\/cbr_announcement-480x287.jpg\" alt=\"Erstklassiges Rahmenprogramm\" width=\"480\" height=\"287\" srcset=\"https:\/\/www.ollmetzer.com\/wp-content\/uploads\/2012\/07\/cbr_announcement-480x287.jpg 480w, https:\/\/www.ollmetzer.com\/wp-content\/uploads\/2012\/07\/cbr_announcement.jpg 800w\" sizes=\"auto, (max-width: 480px) 100vw, 480px\" \/><\/a><p id=\"caption-attachment-1761\" class=\"wp-caption-text\">Erstklassiges Rahmenprogramm<\/p><\/div>\n<p>Ich bin eigentlich als alter Grantler nicht so leicht zu beeindrucken, aber &#8211; WOW!<\/p>\n","protected":false},"excerpt":{"rendered":"<p>Ich habe in meinem Blog nie \u00fcber die Firmen geschrieben, f\u00fcr die ich gearbeitet habe. Heute mache ich mal eine wohlbegr\u00fcndete Ausnahme. In dieser Woche dreht sich in Berlin alles um Mode. Mein Arbeitgeber organisierte im Rahmen der Bread&amp;Butter auch\u00a0eine Veranstaltung \u2013 also auf nach Berlin mit der ganzen Firma. Bereits bei der Anreise bemerkte [&hellip;]<\/p>\n","protected":false},"author":1,"featured_media":0,"comment_status":"closed","ping_status":"closed","sticky":false,"template":"","format":"standard","meta":{"footnotes":""},"categories":[5,6],"tags":[],"class_list":["post-1766","post","type-post","status-publish","format-standard","hentry","category-misc","category-unterwegs"],"_links":{"self":[{"href":"https:\/\/www.ollmetzer.com\/index.php?rest_route=\/wp\/v2\/posts\/1766","targetHints":{"allow":["GET"]}}],"collection":[{"href":"https:\/\/www.ollmetzer.com\/index.php?rest_route=\/wp\/v2\/posts"}],"about":[{"href":"https:\/\/www.ollmetzer.com\/index.php?rest_route=\/wp\/v2\/types\/post"}],"author":[{"embeddable":true,"href":"https:\/\/www.ollmetzer.com\/index.php?rest_route=\/wp\/v2\/users\/1"}],"replies":[{"embeddable":true,"href":"https:\/\/www.ollmetzer.com\/index.php?rest_route=%2Fwp%2Fv2%2Fcomments&post=1766"}],"version-history":[{"count":1,"href":"https:\/\/www.ollmetzer.com\/index.php?rest_route=\/wp\/v2\/posts\/1766\/revisions"}],"predecessor-version":[{"id":1768,"href":"https:\/\/www.ollmetzer.com\/index.php?rest_route=\/wp\/v2\/posts\/1766\/revisions\/1768"}],"wp:attachment":[{"href":"https:\/\/www.ollmetzer.com\/index.php?rest_route=%2Fwp%2Fv2%2Fmedia&parent=1766"}],"wp:term":[{"taxonomy":"category","embeddable":true,"href":"https:\/\/www.ollmetzer.com\/index.php?rest_route=%2Fwp%2Fv2%2Fcategories&post=1766"},{"taxonomy":"post_tag","embeddable":true,"href":"https:\/\/www.ollmetzer.com\/index.php?rest_route=%2Fwp%2Fv2%2Ftags&post=1766"}],"curies":[{"name":"wp","href":"https:\/\/api.w.org\/{rel}","templated":true}]}}