{"id":1840,"date":"2012-09-30T20:42:41","date_gmt":"2012-09-30T20:42:41","guid":{"rendered":"http:\/\/www.ollmetzer.com\/?p=1840"},"modified":"2015-09-20T12:25:41","modified_gmt":"2015-09-20T10:25:41","slug":"kunstwochenende","status":"publish","type":"post","link":"https:\/\/www.ollmetzer.com\/?p=1840","title":{"rendered":"Kunstwochenende"},"content":{"rendered":"<p>Dieses Wochenende stand mal wieder im Zeichen der Kunst. Ich besuchte zwei sehr sch\u00f6ne und extrem unterschiedliche Er\u00f6ffnungen.<\/p>\n<p><strong>Part I &#8211; Casey Reas<\/strong><\/p>\n<p>Am Freitag kam ich &#8211; obwohl ich wohlweislich eine Stunde fr\u00fcher als \u00fcblich losgefahren war &#8211; nach einer 4,5 Stunden H\u00f6llenfahrt von Hannover nach Berlin eine halbe Stunde zu sp\u00e4t zur Er\u00f6ffnung der <a title=\"Casey Reas\" href=\"http:\/\/reas.com\/\" target=\"_blank\">Casey Reas<\/a> <a title=\"DAM Galerie Berlin: Casey Reas\" href=\"http:\/\/dam-berlin.de\/mlExhibitions-pa-showpage-pid-3-newlang-german.html\" target=\"_blank\">Ausstellung in der DAM Galerie<\/a> an. Leider war ich aufgrund der (selbst f\u00fcr die \u00fcblichen Verh\u00e4ltnisse an einem Freitag Nachmittag) extrem anstrengenden und gef\u00e4hrlichen Fahrt noch derart gestresst, dass ich die ausgestellten, neuen Werke nur eingeschr\u00e4nkt auf mich wirken lassen konnte. Schade. Immerhin f\u00fchlte ich mich von der Aesthetik sehr angesprochen.<\/p>\n<p>Einwendungen, &#8222;ob das denn jetzt Kunst sei&#8220;, wie ich sie schon vor zwei Wochen anl\u00e4sslich des <a title=\"Demoscene Realtime Graphics @ c-base\" href=\"http:\/\/www.ollmetzer.com\/?p=1822\" target=\"_blank\">Demoszene Events<\/a> in der nur wenige hundert Meter entfernten c-base geh\u00f6rt habe, finde ich selber etwas m\u00fcssig. Wenn jemand viel Energie darin investiert, sich auf seine eigene Art auszudr\u00fccken, ohne das dies einem konkreten und profanen Zweck dient &#8211; was soll das das anderes sein als Kunst?<\/p>\n<p>Reas ist f\u00fcr mich gleich von zwei Seiten her sehr zug\u00e4nglich &#8211; als K\u00fcnstler und als Initiator der <a title=\"Wikipedia: Processing\" href=\"http:\/\/de.wikipedia.org\/wiki\/Processing\" target=\"_blank\">Programmiersprache Processing<\/a>.<\/p>\n<p><strong>Part II &#8211; Hildegard Projekt<\/strong><\/p>\n<p>Am Samstag war mein Gem\u00fct wieder etwas abgek\u00fchlt, so dass ich die Vernissage zur nur zwei Tage dauernden Ausstellung &#8222;nyyttikestit #2&#8220; von <a title=\"Hildegard Projekt\" href=\"http:\/\/www.hildegard-projekt.de\/german\/aktuelles.html\" target=\"_blank\">Hildegard Projekt<\/a> in der <a href=\"http:\/\/www.kunsthalle-m3.de\/\" target=\"m3\">Kunsthalle m3<\/a> wesentlich entspannter geniessen konnte.<\/p>\n<p>Wiederum ist es den K\u00fcnstlerinnen und K\u00fcnstlern gelungen eine eigene Antwort auf die konkrete Raumsituation zu finden, die sich trotz aller Kontinuit\u00e4t von den bisherigen Arbeiten deutlich unterschiedet. Die raumgreifende Installation nutzte das zur Verf\u00fcgung stehende Volumen der Halle gut aus, wirkte dennoch luftig und stellte durch seine Asymetrie eine gewisse Spannung her.<\/p>\n<p>Mit freundlicher Genehmigung von Hildergard Projekt darf ich hier einige Impressionen der Ausstellung zeigen.<\/p>\n<div id=\"attachment_1838\" style=\"width: 490px\" class=\"wp-caption aligncenter\"><a href=\"http:\/\/www.ollmetzer.com\/?attachment_id=1838\" rel=\"attachment wp-att-1838\"><img loading=\"lazy\" decoding=\"async\" aria-describedby=\"caption-attachment-1838\" class=\"size-medium wp-image-1838\" title=\"Kunst\" src=\"http:\/\/www.ollmetzer.com\/wp-content\/uploads\/2012\/09\/IMAG1499-480x287.jpg\" alt=\"Kunst\" width=\"480\" height=\"287\" srcset=\"https:\/\/www.ollmetzer.com\/wp-content\/uploads\/2012\/09\/IMAG1499-480x287.jpg 480w, https:\/\/www.ollmetzer.com\/wp-content\/uploads\/2012\/09\/IMAG1499.jpg 800w\" sizes=\"auto, (max-width: 480px) 100vw, 480px\" \/><\/a><p id=\"caption-attachment-1838\" class=\"wp-caption-text\">Kunst<\/p><\/div>\n<div id=\"attachment_1837\" style=\"width: 297px\" class=\"wp-caption aligncenter\"><a href=\"http:\/\/www.ollmetzer.com\/?attachment_id=1837\" rel=\"attachment wp-att-1837\"><img loading=\"lazy\" decoding=\"async\" aria-describedby=\"caption-attachment-1837\" class=\"size-medium wp-image-1837\" title=\"Kunst\" src=\"http:\/\/www.ollmetzer.com\/wp-content\/uploads\/2012\/09\/IMAG1497-287x480.jpg\" alt=\"Kunst\" width=\"287\" height=\"480\" srcset=\"https:\/\/www.ollmetzer.com\/wp-content\/uploads\/2012\/09\/IMAG1497-287x480.jpg 287w, https:\/\/www.ollmetzer.com\/wp-content\/uploads\/2012\/09\/IMAG1497.jpg 479w\" sizes=\"auto, (max-width: 287px) 100vw, 287px\" \/><\/a><p id=\"caption-attachment-1837\" class=\"wp-caption-text\">Kunst<\/p><\/div>\n<div id=\"attachment_1839\" style=\"width: 297px\" class=\"wp-caption aligncenter\"><a href=\"http:\/\/www.ollmetzer.com\/?attachment_id=1839\" rel=\"attachment wp-att-1839\"><img loading=\"lazy\" decoding=\"async\" aria-describedby=\"caption-attachment-1839\" class=\"size-medium wp-image-1839\" title=\"Kunst\" src=\"http:\/\/www.ollmetzer.com\/wp-content\/uploads\/2012\/09\/IMAG1500-287x480.jpg\" alt=\"Kunst\" width=\"287\" height=\"480\" srcset=\"https:\/\/www.ollmetzer.com\/wp-content\/uploads\/2012\/09\/IMAG1500-287x480.jpg 287w, https:\/\/www.ollmetzer.com\/wp-content\/uploads\/2012\/09\/IMAG1500.jpg 479w\" sizes=\"auto, (max-width: 287px) 100vw, 287px\" \/><\/a><p id=\"caption-attachment-1839\" class=\"wp-caption-text\">Kunst<\/p><\/div>\n<div id=\"attachment_1836\" style=\"width: 297px\" class=\"wp-caption aligncenter\"><a href=\"http:\/\/www.ollmetzer.com\/?attachment_id=1836\" rel=\"attachment wp-att-1836\"><img loading=\"lazy\" decoding=\"async\" aria-describedby=\"caption-attachment-1836\" class=\"size-medium wp-image-1836\" title=\"Noch mehr Kunst\" src=\"http:\/\/www.ollmetzer.com\/wp-content\/uploads\/2012\/09\/IMAG1496-287x480.jpg\" alt=\"Noch mehr Kunst\" width=\"287\" height=\"480\" srcset=\"https:\/\/www.ollmetzer.com\/wp-content\/uploads\/2012\/09\/IMAG1496-287x480.jpg 287w, https:\/\/www.ollmetzer.com\/wp-content\/uploads\/2012\/09\/IMAG1496.jpg 479w\" sizes=\"auto, (max-width: 287px) 100vw, 287px\" \/><\/a><p id=\"caption-attachment-1836\" class=\"wp-caption-text\">Noch mehr Kunst<\/p><\/div>\n","protected":false},"excerpt":{"rendered":"<p>Dieses Wochenende stand mal wieder im Zeichen der Kunst. Ich besuchte zwei sehr sch\u00f6ne und extrem unterschiedliche Er\u00f6ffnungen. Part I &#8211; Casey Reas Am Freitag kam ich &#8211; obwohl ich wohlweislich eine Stunde fr\u00fcher als \u00fcblich losgefahren war &#8211; nach einer 4,5 Stunden H\u00f6llenfahrt von Hannover nach Berlin eine halbe Stunde zu sp\u00e4t zur Er\u00f6ffnung [&hellip;]<\/p>\n","protected":false},"author":1,"featured_media":0,"comment_status":"closed","ping_status":"closed","sticky":false,"template":"","format":"standard","meta":{"footnotes":""},"categories":[18,5,6],"tags":[],"class_list":["post-1840","post","type-post","status-publish","format-standard","hentry","category-kunst-und-kultur","category-misc","category-unterwegs"],"_links":{"self":[{"href":"https:\/\/www.ollmetzer.com\/index.php?rest_route=\/wp\/v2\/posts\/1840","targetHints":{"allow":["GET"]}}],"collection":[{"href":"https:\/\/www.ollmetzer.com\/index.php?rest_route=\/wp\/v2\/posts"}],"about":[{"href":"https:\/\/www.ollmetzer.com\/index.php?rest_route=\/wp\/v2\/types\/post"}],"author":[{"embeddable":true,"href":"https:\/\/www.ollmetzer.com\/index.php?rest_route=\/wp\/v2\/users\/1"}],"replies":[{"embeddable":true,"href":"https:\/\/www.ollmetzer.com\/index.php?rest_route=%2Fwp%2Fv2%2Fcomments&post=1840"}],"version-history":[{"count":0,"href":"https:\/\/www.ollmetzer.com\/index.php?rest_route=\/wp\/v2\/posts\/1840\/revisions"}],"wp:attachment":[{"href":"https:\/\/www.ollmetzer.com\/index.php?rest_route=%2Fwp%2Fv2%2Fmedia&parent=1840"}],"wp:term":[{"taxonomy":"category","embeddable":true,"href":"https:\/\/www.ollmetzer.com\/index.php?rest_route=%2Fwp%2Fv2%2Fcategories&post=1840"},{"taxonomy":"post_tag","embeddable":true,"href":"https:\/\/www.ollmetzer.com\/index.php?rest_route=%2Fwp%2Fv2%2Ftags&post=1840"}],"curies":[{"name":"wp","href":"https:\/\/api.w.org\/{rel}","templated":true}]}}