{"id":2071,"date":"2013-08-04T08:35:08","date_gmt":"2013-08-04T06:35:08","guid":{"rendered":"http:\/\/www.ollmetzer.com\/?p=2071"},"modified":"2015-08-26T17:05:11","modified_gmt":"2015-08-26T15:05:11","slug":"das-heisse-wochende-genutzt-aufgeraumt","status":"publish","type":"post","link":"https:\/\/www.ollmetzer.com\/?p=2071","title":{"rendered":"Das heisse Wochende genutzt &#8211; aufger\u00e4umt"},"content":{"rendered":"<p>Br\u00fcllend heisses Wochenende. Ich kann mich nur im Schneckentempo bewegen. Im Schatten. In der Sonne fast gar nicht. Als ich kurz einkaufen war, f\u00fchlte sich der Wind an, als ob mir jemand einen F\u00f6n vor das Gesicht h\u00e4lt. Bei so einem Wetter macht man &#8222;something close to nothing&#8220;, wie es Prince in einem Song mal ausdr\u00fcckte.<\/p>\n<p>Aber ganz gar nichts kann ich auch nicht. Also habe ich beschlossen, nach f\u00fcnf Jahren endlich mal so richtig aufzur\u00e4umen. Und zwar meinen iMac. Der war mittlerweile derart langsam geworden, dass das Arbeiten \u00e4tzend wurde. Stundenlanges rumr\u00f6deln auf der Festplatte, alle Programme hakten und wurden immer zickiger. Ich hatte in den Jahren einfach unglaublich viel Software ausprobiert,  wieder de-installiert und damit das System so richtig zugem\u00fcllt. Die st\u00e4ndigen Updates sind sicherlich auch nicht immer f\u00f6rderlich.<\/p>\n<p><strong>Sch\u00f6n, aber tr\u00e4ge<\/strong><\/p>\n<p>Der iMac von 2008 (mit dem Alu-Geh\u00e4use) ist mein erster Apple Rechner. Seit den seeligen Zeiten des Apple ][ und erst recht seit ich 1984 auf der CeBIT (damals noch als Teil der Hannover Messe) den ersten Mac sah, wollte ich immer einen Rechner von den Jungs aus Cuppertino haben, konnte ihn mir aber nie leisten. F\u00fcr dieses Ger\u00e4t hat sich der h\u00f6here Preis aber tats\u00e4chlich bezahlt gemacht. Fr\u00fcher ist keiner meiner Computer so alt geworden. Sp\u00e4testens nach 2-3 Jahren hatte ich den Nachfolger. Aber dieser Rechner gef\u00e4llt mir tats\u00e4chlich noch immer und eigentlich sind auch Prozessor, RAM und Festplatte noch ausreichend f\u00fcr die Standardaufgaben. Also mal sehen, was man noch rausholen kann.<\/p>\n<p>Es hat einen kompletten Tag gedauert die Daten zu sichern, die Festplatte zu formatieren, das Betriebssystem neu aufzuspielen, alle Updates zu installieren, alle Programme, die ich <em>wirklich<\/em> noch benutze neu zu installieren und einzurichten, die Fotosammlung, die iTunes Bibliothek und den ganzen Rest wieder aufzuspielen.<\/p>\n<p><strong>Es wirkt!<\/strong><\/p>\n<p>Das Ergebnis ist wirklich verbl\u00fcffend. Alles f\u00fchlt sich wieder geschmeidig an, von der Festplatte ist nichts mehr zu h\u00f6ren und ich habe so nebenbei ziemlich viel Datenm\u00fcll entsorgt. Klasse! Ich hoffe, dass ich so noch ein paar Jahre \u00fcber die Runden komme.<\/p>\n<p>Ich mag gutes Design und qualitativ hochwertige Werkzeuge. Das habe ich mir damals geleistet und bin sehr zufrieden. Aber ich bin kein Fanboy. Die Gesch\u00e4ftspolitik von Apple finde ich gelinde gesagt zum Abgew\u00f6hnen. Der Weg, den Apple mit der Weiterentwicklung von OS\/X eingeschlagen hat, gef\u00e4llt mir nicht. Mit ziemlicher Sicherheit wird mein n\u00e4chster Rechner nur noch mit Linux betrieben werden. Wie gesagt &#8211; ich mag gutes Design und hochwertige Werkzeuge&#8230;<\/p>\n","protected":false},"excerpt":{"rendered":"<p>Br\u00fcllend heisses Wochenende. Ich kann mich nur im Schneckentempo bewegen. Im Schatten. In der Sonne fast gar nicht. Als ich kurz einkaufen war, f\u00fchlte sich der Wind an, als ob mir jemand einen F\u00f6n vor das Gesicht h\u00e4lt. Bei so einem Wetter macht man &#8222;something close to nothing&#8220;, wie es Prince in einem Song mal [&hellip;]<\/p>\n","protected":false},"author":1,"featured_media":0,"comment_status":"closed","ping_status":"closed","sticky":false,"template":"","format":"standard","meta":{"footnotes":""},"categories":[5],"tags":[],"class_list":["post-2071","post","type-post","status-publish","format-standard","hentry","category-misc"],"_links":{"self":[{"href":"https:\/\/www.ollmetzer.com\/index.php?rest_route=\/wp\/v2\/posts\/2071","targetHints":{"allow":["GET"]}}],"collection":[{"href":"https:\/\/www.ollmetzer.com\/index.php?rest_route=\/wp\/v2\/posts"}],"about":[{"href":"https:\/\/www.ollmetzer.com\/index.php?rest_route=\/wp\/v2\/types\/post"}],"author":[{"embeddable":true,"href":"https:\/\/www.ollmetzer.com\/index.php?rest_route=\/wp\/v2\/users\/1"}],"replies":[{"embeddable":true,"href":"https:\/\/www.ollmetzer.com\/index.php?rest_route=%2Fwp%2Fv2%2Fcomments&post=2071"}],"version-history":[{"count":1,"href":"https:\/\/www.ollmetzer.com\/index.php?rest_route=\/wp\/v2\/posts\/2071\/revisions"}],"predecessor-version":[{"id":2072,"href":"https:\/\/www.ollmetzer.com\/index.php?rest_route=\/wp\/v2\/posts\/2071\/revisions\/2072"}],"wp:attachment":[{"href":"https:\/\/www.ollmetzer.com\/index.php?rest_route=%2Fwp%2Fv2%2Fmedia&parent=2071"}],"wp:term":[{"taxonomy":"category","embeddable":true,"href":"https:\/\/www.ollmetzer.com\/index.php?rest_route=%2Fwp%2Fv2%2Fcategories&post=2071"},{"taxonomy":"post_tag","embeddable":true,"href":"https:\/\/www.ollmetzer.com\/index.php?rest_route=%2Fwp%2Fv2%2Ftags&post=2071"}],"curies":[{"name":"wp","href":"https:\/\/api.w.org\/{rel}","templated":true}]}}