{"id":2514,"date":"2015-08-17T19:27:31","date_gmt":"2015-08-17T17:27:31","guid":{"rendered":"http:\/\/www.ollmetzer.com\/?p=2514"},"modified":"2015-08-23T17:40:51","modified_gmt":"2015-08-23T15:40:51","slug":"chaos-communication-camp-2015","status":"publish","type":"post","link":"https:\/\/www.ollmetzer.com\/?p=2514","title":{"rendered":"Chaos Communication Camp 2015"},"content":{"rendered":"<p>Das <a href=\"https:\/\/de.wikipedia.org\/wiki\/Chaos_Communication_Camp\" target=\"_blank\">Chaos Communication Camp<\/a> findet seit 1999 alle vier Jahre im Berliner Umland statt. Bei den letzten beiden (2007 und 2011) war ich jeweils beruflich verhindert. Dieses mal sollte es jedoch klappen und die Freude war gro\u00df, als ich das Ticket hatte und mein Urlaub genehmigt war.<\/p>\n<div id=\"attachment_2527\" style=\"width: 490px\" class=\"wp-caption aligncenter\"><a href=\"http:\/\/www.ollmetzer.com\/wp-content\/uploads\/2015\/08\/badge.jpg\"><img loading=\"lazy\" decoding=\"async\" aria-describedby=\"caption-attachment-2527\" class=\"size-medium wp-image-2527\" src=\"http:\/\/www.ollmetzer.com\/wp-content\/uploads\/2015\/08\/badge-480x282.jpg\" alt=\"Das Eintrittsb\u00e4ndchen zum Camp\" width=\"480\" height=\"282\" srcset=\"https:\/\/www.ollmetzer.com\/wp-content\/uploads\/2015\/08\/badge-480x282.jpg 480w, https:\/\/www.ollmetzer.com\/wp-content\/uploads\/2015\/08\/badge.jpg 1024w\" sizes=\"auto, (max-width: 480px) 100vw, 480px\" \/><\/a><p id=\"caption-attachment-2527\" class=\"wp-caption-text\">Das Eintrittsb\u00e4ndchen zum Camp<\/p><\/div>\n<p>Um das Fazit vorwegzunehmen &#8211; die Erfahrung war beides gleichzeitig: super und mist.<\/p>\n<p>Ich hatte mich seit Wochen vorbereitet, den kompletten Mittwoch Zeug zusammengepackt und bin am Donnerstag Morgen losgefahren. Die Fahrt von Prenzlauer Berg zum ca. 80Km n\u00f6rdlich von Berlin gelegenen <a href=\"https:\/\/de.wikipedia.org\/wiki\/Ziegeleipark_Mildenberg\" target=\"_blank\">Ziegeleipark Mildenberg<\/a> dauert etwas \u00fcber eine Stunde. Die Brandenburger Landschaft ist nur recht sp\u00e4rlich besiedelt, aber mit viel Wald und Wasser sehr sch\u00f6n (siehe Video weiter unten). Die Strecke zum Ziegeleipark war gut ausgeschildert und der letzte Hinweis ist wirklich gelungen&#8230; :-D<\/p>\n<div id=\"attachment_2526\" style=\"width: 490px\" class=\"wp-caption aligncenter\"><a href=\"http:\/\/www.ollmetzer.com\/wp-content\/uploads\/2015\/08\/neuland.jpg\"><img loading=\"lazy\" decoding=\"async\" aria-describedby=\"caption-attachment-2526\" class=\"size-medium wp-image-2526\" src=\"http:\/\/www.ollmetzer.com\/wp-content\/uploads\/2015\/08\/neuland-480x291.jpg\" alt=\"Hier geht's zum Internet\" width=\"480\" height=\"291\" srcset=\"https:\/\/www.ollmetzer.com\/wp-content\/uploads\/2015\/08\/neuland-480x291.jpg 480w, https:\/\/www.ollmetzer.com\/wp-content\/uploads\/2015\/08\/neuland.jpg 1024w\" sizes=\"auto, (max-width: 480px) 100vw, 480px\" \/><\/a><p id=\"caption-attachment-2526\" class=\"wp-caption-text\">Eindeutig: Hier geht&#8217;s zum Internet<\/p><\/div>\n<p>Nach der Anreise machte ich auf dem Gel\u00e4nde das BER-Village ausfindig, in dem sich einige Berliner Vereine zusammengetan hatten um zusammen zu zelten und eigene kleinere Vortr\u00e4ge stattfinden zu lassen.<\/p>\n<div id=\"attachment_2525\" style=\"width: 490px\" class=\"wp-caption aligncenter\"><a href=\"http:\/\/www.ollmetzer.com\/wp-content\/uploads\/2015\/08\/IMG_20150813_132245.jpg\"><img loading=\"lazy\" decoding=\"async\" aria-describedby=\"caption-attachment-2525\" class=\"size-medium wp-image-2525\" src=\"http:\/\/www.ollmetzer.com\/wp-content\/uploads\/2015\/08\/IMG_20150813_132245-480x355.jpg\" alt=\"Der &quot;Eingang&quot; zum BER Village\" width=\"480\" height=\"355\" srcset=\"https:\/\/www.ollmetzer.com\/wp-content\/uploads\/2015\/08\/IMG_20150813_132245-480x355.jpg 480w, https:\/\/www.ollmetzer.com\/wp-content\/uploads\/2015\/08\/IMG_20150813_132245-1024x758.jpg 1024w\" sizes=\"auto, (max-width: 480px) 100vw, 480px\" \/><\/a><p id=\"caption-attachment-2525\" class=\"wp-caption-text\">Der &#8222;Eingang&#8220; zum BER Village<\/p><\/div>\n<p>Eine handvoll Leute davon kenne ich, also stellte ich mein Zelt in das Village und verlegte Strom- und Ethernet Kabel. Nachdem mein Zelt endlich voll ausgestattet war, machte ich mich erst mal auf den Weg \u00fcber das Gel\u00e4nde.<\/p>\n<div id=\"attachment_2515\" style=\"width: 490px\" class=\"wp-caption aligncenter\"><a href=\"http:\/\/www.ollmetzer.com\/wp-content\/uploads\/2015\/08\/IMG_20150813_153306.jpg\"><img loading=\"lazy\" decoding=\"async\" aria-describedby=\"caption-attachment-2515\" class=\"size-medium wp-image-2515\" src=\"http:\/\/www.ollmetzer.com\/wp-content\/uploads\/2015\/08\/IMG_20150813_153306-480x355.jpg\" alt=\"Das Zelt steht (zum ersten Mal) und ist komplett connected\" width=\"480\" height=\"355\" srcset=\"https:\/\/www.ollmetzer.com\/wp-content\/uploads\/2015\/08\/IMG_20150813_153306-480x355.jpg 480w, https:\/\/www.ollmetzer.com\/wp-content\/uploads\/2015\/08\/IMG_20150813_153306-1024x758.jpg 1024w\" sizes=\"auto, (max-width: 480px) 100vw, 480px\" \/><\/a><p id=\"caption-attachment-2515\" class=\"wp-caption-text\">Das Zelt steht (zum ersten Mal) und ist komplett connected<\/p><\/div>\n<p>Der Rundgang war toll &#8211; \u00fcberall interessante Leute aus aller Herren L\u00e4nder, spleenige Basteleien (Ein Roboter, der Crepes herstellt, ein elektrisches Fahrzeug aus zwei Getr\u00e4nkekisten, &#8230;) und nerdiger Humor. Leider ist fast \u00fcberall Fotografieren unerw\u00fcnscht, deshalb hier nur ein kleiner Rundblick.<\/p>\n<div id=\"attachment_2523\" style=\"width: 490px\" class=\"wp-caption aligncenter\"><a href=\"http:\/\/www.ollmetzer.com\/wp-content\/uploads\/2015\/08\/PANO_20150813_133015.jpg\"><img loading=\"lazy\" decoding=\"async\" aria-describedby=\"caption-attachment-2523\" class=\"size-medium wp-image-2523\" src=\"http:\/\/www.ollmetzer.com\/wp-content\/uploads\/2015\/08\/PANO_20150813_133015-480x107.jpg\" alt=\"Panorama. Ca. 1\/6 des Camp Gel\u00e4ndes\" width=\"480\" height=\"107\" srcset=\"https:\/\/www.ollmetzer.com\/wp-content\/uploads\/2015\/08\/PANO_20150813_133015-480x107.jpg 480w, https:\/\/www.ollmetzer.com\/wp-content\/uploads\/2015\/08\/PANO_20150813_133015-1024x228.jpg 1024w\" sizes=\"auto, (max-width: 480px) 100vw, 480px\" \/><\/a><p id=\"caption-attachment-2523\" class=\"wp-caption-text\">Panorama. Ca. 1\/6 des Camp Gel\u00e4ndes<\/p><\/div>\n<div id=\"attachment_2524\" style=\"width: 490px\" class=\"wp-caption aligncenter\"><a href=\"http:\/\/www.ollmetzer.com\/wp-content\/uploads\/2015\/08\/PANO_20150814_163823.jpg\"><img loading=\"lazy\" decoding=\"async\" aria-describedby=\"caption-attachment-2524\" class=\"size-medium wp-image-2524\" src=\"http:\/\/www.ollmetzer.com\/wp-content\/uploads\/2015\/08\/PANO_20150814_163823-480x115.jpg\" alt=\"Foodcourt\" width=\"480\" height=\"115\" srcset=\"https:\/\/www.ollmetzer.com\/wp-content\/uploads\/2015\/08\/PANO_20150814_163823-480x115.jpg 480w, https:\/\/www.ollmetzer.com\/wp-content\/uploads\/2015\/08\/PANO_20150814_163823-1024x245.jpg 1024w\" sizes=\"auto, (max-width: 480px) 100vw, 480px\" \/><\/a><p id=\"caption-attachment-2524\" class=\"wp-caption-text\">Foodcourt<\/p><\/div>\n<div id=\"attachment_2517\" style=\"width: 490px\" class=\"wp-caption aligncenter\"><a href=\"http:\/\/www.ollmetzer.com\/wp-content\/uploads\/2015\/08\/IMG_20150813_163451.jpg\"><img loading=\"lazy\" decoding=\"async\" aria-describedby=\"caption-attachment-2517\" class=\"size-medium wp-image-2517\" src=\"http:\/\/www.ollmetzer.com\/wp-content\/uploads\/2015\/08\/IMG_20150813_163451-480x355.jpg\" alt=\"Schlafzelte stehen fast \u00fcberall\" width=\"480\" height=\"355\" srcset=\"https:\/\/www.ollmetzer.com\/wp-content\/uploads\/2015\/08\/IMG_20150813_163451-480x355.jpg 480w, https:\/\/www.ollmetzer.com\/wp-content\/uploads\/2015\/08\/IMG_20150813_163451-1024x758.jpg 1024w\" sizes=\"auto, (max-width: 480px) 100vw, 480px\" \/><\/a><p id=\"caption-attachment-2517\" class=\"wp-caption-text\">Schlafzelte stehen fast \u00fcberall<\/p><\/div>\n<p>Auf dem Gel\u00e4nde stehen nat\u00fcrlich die Artefakte der alten Ziegelei; Ring\u00f6fen, Bagger und alle m\u00f6glichen Spezialgeb\u00e4ude. Zudem ist das ganze Areal mit einem Gleisnetz der Ziegeleibahn durchzogen. Ein Rundkurs wurde sogar regelm\u00e4\u00dfig mit einer Museumsbahn befahren. Insbesondere nachts mu\u00dfte man ziemlich aufpassen, wo man hintrat. Gleise, Kabel (Ethernet oder Strom) oder provisorische Wasser und Abwasserleitungen. Die komplette Infrastruktur f\u00fcr die 4500 Besucher mu\u00dfte extra f\u00fcr das Camp aufgebaut werden.<\/p>\n<div id=\"attachment_2516\" style=\"width: 490px\" class=\"wp-caption aligncenter\"><a href=\"http:\/\/www.ollmetzer.com\/wp-content\/uploads\/2015\/08\/IMG_20150813_155303.jpg\"><img loading=\"lazy\" decoding=\"async\" aria-describedby=\"caption-attachment-2516\" class=\"size-medium wp-image-2516\" src=\"http:\/\/www.ollmetzer.com\/wp-content\/uploads\/2015\/08\/IMG_20150813_155303-480x355.jpg\" alt=\"Ringofen mit Bahnschienen\" width=\"480\" height=\"355\" srcset=\"https:\/\/www.ollmetzer.com\/wp-content\/uploads\/2015\/08\/IMG_20150813_155303-480x355.jpg 480w, https:\/\/www.ollmetzer.com\/wp-content\/uploads\/2015\/08\/IMG_20150813_155303-1024x758.jpg 1024w\" sizes=\"auto, (max-width: 480px) 100vw, 480px\" \/><\/a><p id=\"caption-attachment-2516\" class=\"wp-caption-text\">Ringofen mit Bahnschienen<\/p><\/div>\n<div id=\"attachment_2518\" style=\"width: 490px\" class=\"wp-caption aligncenter\"><a href=\"http:\/\/www.ollmetzer.com\/wp-content\/uploads\/2015\/08\/IMG_20150813_155430.jpg\"><img loading=\"lazy\" decoding=\"async\" aria-describedby=\"caption-attachment-2518\" class=\"size-medium wp-image-2518\" src=\"http:\/\/www.ollmetzer.com\/wp-content\/uploads\/2015\/08\/IMG_20150813_155430-480x355.jpg\" alt=\"Das kleine Vortragszelt\" width=\"480\" height=\"355\" srcset=\"https:\/\/www.ollmetzer.com\/wp-content\/uploads\/2015\/08\/IMG_20150813_155430-480x355.jpg 480w, https:\/\/www.ollmetzer.com\/wp-content\/uploads\/2015\/08\/IMG_20150813_155430-1024x758.jpg 1024w\" sizes=\"auto, (max-width: 480px) 100vw, 480px\" \/><\/a><p id=\"caption-attachment-2518\" class=\"wp-caption-text\">Das kleine Vortragszelt<\/p><\/div>\n<div id=\"attachment_2522\" style=\"width: 490px\" class=\"wp-caption aligncenter\"><a href=\"http:\/\/www.ollmetzer.com\/wp-content\/uploads\/2015\/08\/IMG_20150814_154910.jpg\"><img loading=\"lazy\" decoding=\"async\" aria-describedby=\"caption-attachment-2522\" class=\"size-medium wp-image-2522\" src=\"http:\/\/www.ollmetzer.com\/wp-content\/uploads\/2015\/08\/IMG_20150814_154910-480x355.jpg\" alt=\"400KVA - zwei von etlichen Dieselgeneratoren\" width=\"480\" height=\"355\" srcset=\"https:\/\/www.ollmetzer.com\/wp-content\/uploads\/2015\/08\/IMG_20150814_154910-480x355.jpg 480w, https:\/\/www.ollmetzer.com\/wp-content\/uploads\/2015\/08\/IMG_20150814_154910-1024x758.jpg 1024w\" sizes=\"auto, (max-width: 480px) 100vw, 480px\" \/><\/a><p id=\"caption-attachment-2522\" class=\"wp-caption-text\">400KVA &#8211; zwei von etlichen Dieselgeneratoren mit insgesamt 2,5MW Leistung<\/p><\/div>\n<p>Nach Sonnenuntergang verwandelte in einen fast magischen Ort: Alles wurde bunt beleuchtet und die Stimmung war super. Auch hier merkt man, dass irrsinnig viel Arbeit mit Liebe zum Detail investiert wurde.<\/p>\n<div id=\"attachment_2520\" style=\"width: 490px\" class=\"wp-caption aligncenter\"><a href=\"http:\/\/www.ollmetzer.com\/wp-content\/uploads\/2015\/08\/IMG_20150814_000332.jpg\"><img loading=\"lazy\" decoding=\"async\" aria-describedby=\"caption-attachment-2520\" class=\"size-medium wp-image-2520\" src=\"http:\/\/www.ollmetzer.com\/wp-content\/uploads\/2015\/08\/IMG_20150814_000332-480x355.jpg\" alt=\"Foodcourt und Dancefloor\" width=\"480\" height=\"355\" srcset=\"https:\/\/www.ollmetzer.com\/wp-content\/uploads\/2015\/08\/IMG_20150814_000332-480x355.jpg 480w, https:\/\/www.ollmetzer.com\/wp-content\/uploads\/2015\/08\/IMG_20150814_000332-1024x758.jpg 1024w\" sizes=\"auto, (max-width: 480px) 100vw, 480px\" \/><\/a><p id=\"caption-attachment-2520\" class=\"wp-caption-text\">Foodcourt und Dancefloor<\/p><\/div>\n<div id=\"attachment_2521\" style=\"width: 490px\" class=\"wp-caption aligncenter\"><a href=\"http:\/\/www.ollmetzer.com\/wp-content\/uploads\/2015\/08\/IMG_20150814_000405.jpg\"><img loading=\"lazy\" decoding=\"async\" aria-describedby=\"caption-attachment-2521\" class=\"size-medium wp-image-2521\" src=\"http:\/\/www.ollmetzer.com\/wp-content\/uploads\/2015\/08\/IMG_20150814_000405-480x355.jpg\" alt=\"Grosses Vortragszelt und Umgebung\" width=\"480\" height=\"355\" srcset=\"https:\/\/www.ollmetzer.com\/wp-content\/uploads\/2015\/08\/IMG_20150814_000405-480x355.jpg 480w, https:\/\/www.ollmetzer.com\/wp-content\/uploads\/2015\/08\/IMG_20150814_000405-1024x758.jpg 1024w\" sizes=\"auto, (max-width: 480px) 100vw, 480px\" \/><\/a><p id=\"caption-attachment-2521\" class=\"wp-caption-text\">Gro\u00dfes Vortragszelt und Umgebung<\/p><\/div>\n<p>In dem Eintrittspreis war auch ein elektronisches Spielzeug enthalten, dass ich mir nat\u00fcrlich nicht entgehen lassen konnte. Nach einer etwas verwirrenden Schnitzeljagd \u00fcber das halbe Gel\u00e4nde und langem Anstehen hatte ich nach knapp zwei Stunden um 23:00 auch mein <a href=\"http:\/\/hackaday.com\/2015\/07\/12\/cccamp-2015-rad1o-badge\/\" target=\"_blank\">Rad1o-Badge<\/a> bekommen. Jetzt wollte ich mich in mein Zelt zur\u00fcckziehen, noch etwas rumbasteln und dann schlafen.<\/p>\n<p><em>Denkste!<\/em><\/p>\n<p>Bei den Vorbereitungstreffen hie\u00df es, dass die Ecke des BER Village aufgrund der N\u00e4he von Anwohnern leise sein w\u00fcrde und die Party auf der anderen Seite des Gel\u00e4ndes stattfindet. Tats\u00e4chlich feierten im BER 50-100 Leute zu lauter und, basslastiger Musik. Mein Zelt stand gef\u00fchlt mitten auf der Tanzfl\u00e4che. An Schlaf war &#8211; egal ob mit oder ohne Ohrenst\u00f6psel &#8211; nicht zu denken. Um 2:00 Morgens war immer noch kein Ende in Sicht und wir bekamen die Auskunft &#8222;Das geht mindestens noch bis 5 Uhr. Und das bleibt die n\u00e4chsten Tage auch so&#8220;.<\/p>\n<div align=\"center\"><iframe loading=\"lazy\" src=\"https:\/\/www.youtube.com\/embed\/IfXekZvUcao\" width=\"560\" height=\"315\" frameborder=\"0\" allowfullscreen=\"allowfullscreen\"><\/iframe><br \/>\n\u00dcbersicht \u00fcber das Gel\u00e4nde und die Umgebung<\/div>\n<p>&nbsp;<\/p>\n<p>Eigentlich h\u00e4tte ich an der Stelle bereits nach Hause fahren k\u00f6nnen. Sich mitten in der Nacht, todm\u00fcde, ohne richtiges Licht einen neuen Platz f\u00fcr das Zelt zu suchen &#8211; nachdem alle einigerma\u00dfen brauchbaren Flecken bereits belegt waren, macht so richtig Spa\u00df. N\u00e4mlich gar keinen. Die ganze Aktion hat eine Stunde gedauert. Am Ende stand mein Zelt fast genau am Haupteingang, ohne Strom, ohne Netzwerk und alle Klamotten wild durcheinandergeworfen.<\/p>\n<p>Um halb vier bin ich dann stinksauer eingeschlafen und um kurz nach acht wieder aufgewacht, weil das Zelt in der Sonne bereits br\u00fctend heiss wurde. Den Tag habe ich unausgeschlafen, mit Kopfschmerzen und anges\u00e4uert verbracht. Bei 35 Grad habe ich den ganzen Tag geschwitzt ohne Ende, was durch den Sandstaub, der \u00fcber das Gel\u00e4nde wehte auch nicht besser wurde. Zudem merke ich, dass mich diese provisorischen Sanit\u00e4reinrichtungen kolossal st\u00f6ren und dass beim Programmieren im Hackcenter Zelt Staub und Legionen von Ameisen in den Laptop eindringen wollen, finde ich auch nicht so richtig prall.<\/p>\n<p>Ich habe dann abends beschlossen, nach Hause zu fahren, bevor ich f\u00fcnf Tage schlechte Laune habe. Dass ich auch in Berlin nicht zur Ruhe gekommen bin, weil ich mein Telefon verloren habe steht noch mal auf einem anderen Blatt.<\/p>\n<p>Am Sonntag bin ich dann wieder auf das Camp zur\u00fcckgekehrt und noch ein bisschen Nerdkultur zu inhalieren und den einen oder anderen zu treffen, aber irgendwie hatte ich mir das im Vorfeld anders vorgestellt.<\/p>\n<p>Versteht mich nicht falsch: Die Orga hat einen Super Job gemacht. Ein Gel\u00e4nde mitten in der Pampa mit Mobilfunk, leistungsf\u00e4higem Internet, richtig viel Strom, Wasser und einer Abwasserl\u00f6sung f\u00fcr \u00fcber 4000 Menschen zu versorgen ist eine echte Herausforderung und sie wurde mit Bravour gemeistert. Ein interessantes Programm zusammenzustellen (die Vortr\u00e4ge kann man hier ansehen: <a href=\"http:\/\/media.ccc.de\/browse\/conferences\/camp2015\/index.html\" target=\"_blank\">http:\/\/media.ccc.de\/browse\/conferences\/camp2015\/index.html<\/a>), den Foodcourt, die Feuerwehr und den Beh\u00f6rdenkram zu organisieren&#8230;<\/p>\n<p>Alles war wirklich klasse gemacht &#8211; aber Camping nervt mich einfach total. Das hatte ich im Vorfeld leider vollkommen untersch\u00e4tzt.<\/p>\n","protected":false},"excerpt":{"rendered":"<p>Das Chaos Communication Camp findet seit 1999 alle vier Jahre im Berliner Umland statt. Bei den letzten beiden (2007 und 2011) war ich jeweils beruflich verhindert. Dieses mal sollte es jedoch klappen und die Freude war gro\u00df, als ich das Ticket hatte und mein Urlaub genehmigt war. Um das Fazit vorwegzunehmen &#8211; die Erfahrung war [&hellip;]<\/p>\n","protected":false},"author":1,"featured_media":0,"comment_status":"closed","ping_status":"closed","sticky":false,"template":"","format":"standard","meta":{"footnotes":""},"categories":[7,4,6],"tags":[],"class_list":["post-2514","post","type-post","status-publish","format-standard","hentry","category-medienpolitikwirtschaft","category-mobilesleben","category-unterwegs"],"_links":{"self":[{"href":"https:\/\/www.ollmetzer.com\/index.php?rest_route=\/wp\/v2\/posts\/2514","targetHints":{"allow":["GET"]}}],"collection":[{"href":"https:\/\/www.ollmetzer.com\/index.php?rest_route=\/wp\/v2\/posts"}],"about":[{"href":"https:\/\/www.ollmetzer.com\/index.php?rest_route=\/wp\/v2\/types\/post"}],"author":[{"embeddable":true,"href":"https:\/\/www.ollmetzer.com\/index.php?rest_route=\/wp\/v2\/users\/1"}],"replies":[{"embeddable":true,"href":"https:\/\/www.ollmetzer.com\/index.php?rest_route=%2Fwp%2Fv2%2Fcomments&post=2514"}],"version-history":[{"count":1,"href":"https:\/\/www.ollmetzer.com\/index.php?rest_route=\/wp\/v2\/posts\/2514\/revisions"}],"predecessor-version":[{"id":2528,"href":"https:\/\/www.ollmetzer.com\/index.php?rest_route=\/wp\/v2\/posts\/2514\/revisions\/2528"}],"wp:attachment":[{"href":"https:\/\/www.ollmetzer.com\/index.php?rest_route=%2Fwp%2Fv2%2Fmedia&parent=2514"}],"wp:term":[{"taxonomy":"category","embeddable":true,"href":"https:\/\/www.ollmetzer.com\/index.php?rest_route=%2Fwp%2Fv2%2Fcategories&post=2514"},{"taxonomy":"post_tag","embeddable":true,"href":"https:\/\/www.ollmetzer.com\/index.php?rest_route=%2Fwp%2Fv2%2Ftags&post=2514"}],"curies":[{"name":"wp","href":"https:\/\/api.w.org\/{rel}","templated":true}]}}