{"id":3014,"date":"2017-10-08T23:51:59","date_gmt":"2017-10-08T21:51:59","guid":{"rendered":"http:\/\/www.ollmetzer.com\/?p=3014"},"modified":"2017-10-08T23:51:59","modified_gmt":"2017-10-08T21:51:59","slug":"vintage-computing-festival-berlin-2017","status":"publish","type":"post","link":"https:\/\/www.ollmetzer.com\/?p=3014","title":{"rendered":"Vintage Computing Festival Berlin 2017"},"content":{"rendered":"<p>Auch in diesem Jahr fand wieder das <a href=\"http:\/\/vcfb.de\/2017\/\" target=\"_blank\">Vintage Computing Festival Berlin<\/a> statt. Im Gegensatz zu dem vergangenen Jahren (siehe <a href=\"\/?p=2406\" target=\"_blank\">2014<\/a>, <a href=\"\/?p=2573\">2015<\/a> und <a href=\"\/?p=2682\" target=\"_blank\">2016<\/a>) wurde die Veranstaltung nicht mehr in der Humbuldt Universit\u00e4t, sondern im Deutschen Technikmuseum am Gleisdreieck abgehalten. Veranstaltugsort war nicht das Hauptgeb\u00e4ude, sondern die R\u00e4ume am Ende der Ladestrasse auf dem Gel\u00e4nde des ehemaligen Anhalter G\u00fcterbahnhofs. Besucher des VCFB hatten auch freien Eintritt in der Dauerausstellung \u201e<a href=\"http:\/\/sdtb.de\/technikmuseum\/ausstellungen\/2474\/\" target=\"_blank\">Das Netz &#8211; Menschen, Kabel, Datenstr\u00f6me<\/a>\u201c. Den Wechsel halte ich f\u00fcr gelungen, weil die Ausstellung nunmehr r\u00e4umlich luftiger und gro\u00dfz\u00fcgiger ausf\u00e4llt (1400qm statt 700qm).<\/p>\n<div id=\"attachment_3021\" style=\"width: 490px\" class=\"wp-caption aligncenter\"><img loading=\"lazy\" decoding=\"async\" aria-describedby=\"caption-attachment-3021\" class=\"size-medium wp-image-3021\" src=\"http:\/\/www.ollmetzer.com\/wp-content\/uploads\/2017\/10\/IMG_20171008_164014-480x359.jpg\" alt=\"\" width=\"480\" height=\"359\" srcset=\"https:\/\/www.ollmetzer.com\/wp-content\/uploads\/2017\/10\/IMG_20171008_164014-480x359.jpg 480w, https:\/\/www.ollmetzer.com\/wp-content\/uploads\/2017\/10\/IMG_20171008_164014-768x574.jpg 768w, https:\/\/www.ollmetzer.com\/wp-content\/uploads\/2017\/10\/IMG_20171008_164014-1024x766.jpg 1024w\" sizes=\"auto, (max-width: 480px) 100vw, 480px\" \/><p id=\"caption-attachment-3021\" class=\"wp-caption-text\">Deutsches Technikmuseum &#8211; Ladestrasse<\/p><\/div>\n<p>Die Veranstaltung in Zusammenarbeit von Humbold Universit\u00e4t, dem Berliner Hackerspace AFRA mit Unterst\u00fctzung des CCC Berlin war war auch in den vergangenen Jahren bereits auf hohem Niveau. Da das Technikmuseum in diesem Jahr nicht nur die R\u00e4ume stellt, sondern auch Personal \u2013 insbesondere Ordner \u2013 f\u00fchlt sich das ganze aber nun noch professioneller an.<\/p>\n<p>Die Schwerpunkte der Veranstaltung waren auch diesmal wieder Vortr\u00e4ge, ein Games-Bereich und nat\u00fcrlich die oft recht besonderen Exponate der privaten Aussteller.<\/p>\n<p><strong>Besucher<\/strong><\/p>\n<p>Mit 2100 Besuchern ist das VCFB nochmals deutlich gr\u00f6\u00dfer, als in den vergangenen Jahren. Zudem schien es mir so, dass die Besucher nun gezielt kommen, w\u00e4hrend in der HU manche Besucher eher \u201eaus Versehen\u201c in die Ausstellung kamen, weil sie ohnehin gerade in Berlin Mitte spzieren gingen.<\/p>\n<p>Zumindest bei den Besuchern war der Frauenanteil erfreulich hoch. Sehr sch\u00f6n fand ich die vielen Kinder, die sich unvoreigenommen an die teilweise \u00fcber 30 Jahre alten Systeme gesetzt haben. Computerspiele funktionieren immer \u2013 auch mit Pixelgrafik. Selbst eine Pong-Konsole aus Mitte der 70er war fast durchgehend belegt. So lernt der Nachwuchs, dass Computer mehr bedeutet, als Windows und Apple.<\/p>\n<p>F\u00fcr die Kinder gab es neben den Bereich klassischer Videospiele auch zwei M\u00f6glichkeiten selbst aktiv zu werden: Einen Workshop um \u201eZahnb\u00fcrstenroboter\u201c zu basteln und einen L\u00f6tworkshop.<\/p>\n<p><strong>Ausstellung<\/strong><\/p>\n<p>Die Ausstellung bot sowohl einen gro\u00dfen Umfang, als auch eine sehr interessante Spannbreite.<\/p>\n<p>Es gab verschiedene Exponate an denen man <em>mechanisches Rechnen<\/em> erleben konnte &#8211; von klassischen Tischrechnern, \u00fcber eine <a href=\"https:\/\/de.wikipedia.org\/wiki\/Curta\" target=\"_blank\">Curta<\/a> bis zu einem f\u00fcr Lehrzwecke neu entwickelten elektromechanischen Mini-Rechner.<\/p>\n<div id=\"attachment_3024\" style=\"width: 466px\" class=\"wp-caption aligncenter\"><img loading=\"lazy\" decoding=\"async\" aria-describedby=\"caption-attachment-3024\" class=\"size-medium wp-image-3024\" src=\"http:\/\/www.ollmetzer.com\/wp-content\/uploads\/2017\/10\/rechenmechanik-456x480.jpg\" alt=\"Mechanisches Rechnen - Curta\" width=\"456\" height=\"480\" srcset=\"https:\/\/www.ollmetzer.com\/wp-content\/uploads\/2017\/10\/rechenmechanik-456x480.jpg 456w, https:\/\/www.ollmetzer.com\/wp-content\/uploads\/2017\/10\/rechenmechanik-768x809.jpg 768w, https:\/\/www.ollmetzer.com\/wp-content\/uploads\/2017\/10\/rechenmechanik-972x1024.jpg 972w, https:\/\/www.ollmetzer.com\/wp-content\/uploads\/2017\/10\/rechenmechanik.jpg 1280w\" sizes=\"auto, (max-width: 456px) 100vw, 456px\" \/><p id=\"caption-attachment-3024\" class=\"wp-caption-text\">Mechanisches Rechnen &#8211; Curta<\/p><\/div>\n<p><em>Selbstgebaute Rechner<\/em> waren ebenfalls ein Thema: In der ehemaligen DDR war das h\u00e4ufig die einzige M\u00f6glichkeit \u00fcberhaupt an einen Rechner zu kommen. Im Westen stand eher der Erkenntnisgewinn im Vordergrund. Zwei Br\u00fcder f\u00fchrten ihren im Jahr 1974 selbst entwickelten Rechner vor. Er nutzt keinen Microprozessor, sondern die 12-Bit CPU ist aus TTL Bausteinen selbst gebaut &#8211; mit selbst entwickeltem Befehlssatz. Sehr beeindruckend!<\/p>\n<div id=\"attachment_3025\" style=\"width: 490px\" class=\"wp-caption aligncenter\"><img loading=\"lazy\" decoding=\"async\" aria-describedby=\"caption-attachment-3025\" class=\"size-medium wp-image-3025\" src=\"http:\/\/www.ollmetzer.com\/wp-content\/uploads\/2017\/10\/IMG_20171007_113457-480x359.jpg\" alt=\"Selbstbaurechner von 1974\" width=\"480\" height=\"359\" srcset=\"https:\/\/www.ollmetzer.com\/wp-content\/uploads\/2017\/10\/IMG_20171007_113457-480x359.jpg 480w, https:\/\/www.ollmetzer.com\/wp-content\/uploads\/2017\/10\/IMG_20171007_113457-768x574.jpg 768w, https:\/\/www.ollmetzer.com\/wp-content\/uploads\/2017\/10\/IMG_20171007_113457-1024x766.jpg 1024w\" sizes=\"auto, (max-width: 480px) 100vw, 480px\" \/><p id=\"caption-attachment-3025\" class=\"wp-caption-text\">Selbstbaurechner von 1974<\/p><\/div>\n<p>Daneben stand ein Exemplar des NDR-Klein Computers. Ein Modulares System aus den 80er Jahren, das mit unterschiedlichen Microprozessoren best\u00fcckt werden konnte. Einige verschiedene 70er Jahre Single Board Computer waren ebenfalls zu sehen.<\/p>\n<p>Nat\u00fcrlich gab es auch wieder eine sch\u00f6ne Auswahl an Heimcomputern zu sehen, mit einem Schwerpunkt auf Atari Rechnern, aber auch Apple war gut vertreten. Daneben gab es weitere Klassiker, wie TRS-80 Model 1, diverse Spectrum Modelle, Amstrad\/Schneider, MSX.<\/p>\n<p>Optisch eindrucksvoller waren die Racks mit Rechnern von Digital Equipment. Die PDP-8\/e auf der linken Seite war an ein <a href=\"https:\/\/en.wikipedia.org\/wiki\/VT05\" target=\"_blank\">VT-05 Videoterminal<\/a> angeschlossen, die lab8\/e auf der rechten Seite wurde \u00fcber einen <a href=\"https:\/\/de.wikipedia.org\/wiki\/Teletype_Modell_33\" target=\"_blank\">Teletype Model 33<\/a> Fernschreiber bedient.<\/p>\n<div id=\"attachment_3026\" style=\"width: 490px\" class=\"wp-caption aligncenter\"><img loading=\"lazy\" decoding=\"async\" aria-describedby=\"caption-attachment-3026\" class=\"size-medium wp-image-3026\" src=\"http:\/\/www.ollmetzer.com\/wp-content\/uploads\/2017\/10\/IMG_20171008_131724-480x359.jpg\" alt=\"Rechner von DEC\" width=\"480\" height=\"359\" srcset=\"https:\/\/www.ollmetzer.com\/wp-content\/uploads\/2017\/10\/IMG_20171008_131724-480x359.jpg 480w, https:\/\/www.ollmetzer.com\/wp-content\/uploads\/2017\/10\/IMG_20171008_131724-768x574.jpg 768w, https:\/\/www.ollmetzer.com\/wp-content\/uploads\/2017\/10\/IMG_20171008_131724-1024x766.jpg 1024w\" sizes=\"auto, (max-width: 480px) 100vw, 480px\" \/><p id=\"caption-attachment-3026\" class=\"wp-caption-text\">Rechner von DEC<\/p><\/div>\n<p>Zum ersten Mal konnte ich ein Frontpanel einer IBM System\/360 in Verbindung mit einer Kugekopfschreibmaschine in Aktion sehen. Der Originalrechner wurde leider verschrottet, aber auf der R\u00fcckseite des Panels steckte ein kleines FPGA Board, das den Rechner originalgetreu nachbildete.<\/p>\n<div id=\"attachment_3027\" style=\"width: 490px\" class=\"wp-caption aligncenter\"><img loading=\"lazy\" decoding=\"async\" aria-describedby=\"caption-attachment-3027\" class=\"size-medium wp-image-3027\" src=\"http:\/\/www.ollmetzer.com\/wp-content\/uploads\/2017\/10\/IMG_20171007_113007-480x359.jpg\" alt=\"IBM System\/360 Model 30\" width=\"480\" height=\"359\" srcset=\"https:\/\/www.ollmetzer.com\/wp-content\/uploads\/2017\/10\/IMG_20171007_113007-480x359.jpg 480w, https:\/\/www.ollmetzer.com\/wp-content\/uploads\/2017\/10\/IMG_20171007_113007-768x574.jpg 768w, https:\/\/www.ollmetzer.com\/wp-content\/uploads\/2017\/10\/IMG_20171007_113007-1024x766.jpg 1024w\" sizes=\"auto, (max-width: 480px) 100vw, 480px\" \/><p id=\"caption-attachment-3027\" class=\"wp-caption-text\">IBM System\/360 Model 30<\/p><\/div>\n<p>Das teilweise oder komplette Ersetzen von originaler Hardware durch moderne Rechneremulationen oder FPGA Nachbauten scheint ein Trend zu werden, wie verschiedene Exponate zeigten. Angesichts des nun bereits mehrj\u00e4hrigen Versuchs, die PDP-11\/34 des Hackerspaces AFRA wieder in Betrieb zu nehmen ist das ein verst\u00e4ndlicher Weg.<\/p>\n<p>Ebenso gab es aus heutiger Sicht exotische B\u00fcrocomputer (8Bit Commodore, 32 Bit Risc Workstation, HP-Grafikworkstations,&#8230;) und alternative Betriebssysteme (OS\/2, BeOS, GEOS, &#8230;) zu sehen.<\/p>\n<p>Interessant fand ich noch die Kollektion verschiedener Handheldsysteme, die die Evolution bis zu aktuellen Smartphones zeigte. Ich konnte neben einem mir unbekannten Z-80 basierten PDA von Amstrad auch das erste Mal einen Apple Newton ausprobieren. Mein Fazit: Die Handschrifterkennung des Amstrad ist langsam und unbrauchbar, die des Newton schneller und genauso unbrauchbar. Den Palmpilot brauchte ich nicht auszuprobieren, da ich selber einmal ein Modell III besessen habe.<\/p>\n<div id=\"attachment_3028\" style=\"width: 490px\" class=\"wp-caption aligncenter\"><img loading=\"lazy\" decoding=\"async\" aria-describedby=\"caption-attachment-3028\" class=\"size-medium wp-image-3028\" src=\"http:\/\/www.ollmetzer.com\/wp-content\/uploads\/2017\/10\/handhelds-480x322.jpg\" alt=\"Handhelds\" width=\"480\" height=\"322\" srcset=\"https:\/\/www.ollmetzer.com\/wp-content\/uploads\/2017\/10\/handhelds-480x322.jpg 480w, https:\/\/www.ollmetzer.com\/wp-content\/uploads\/2017\/10\/handhelds-768x515.jpg 768w, https:\/\/www.ollmetzer.com\/wp-content\/uploads\/2017\/10\/handhelds-1024x686.jpg 1024w, https:\/\/www.ollmetzer.com\/wp-content\/uploads\/2017\/10\/handhelds.jpg 1280w\" sizes=\"auto, (max-width: 480px) 100vw, 480px\" \/><p id=\"caption-attachment-3028\" class=\"wp-caption-text\">Handhelds<\/p><\/div>\n<p><strong>Vortr\u00e4ge<\/strong><\/p>\n<p>Ich habe mir in diesem Jahr lediglich zwei Vortr\u00e4ge angeh\u00f6rt, weil man dank des Videoteams des Chaos Computer Clubs alles auch nachtr\u00e4glich im Netz ansehen kann (<a href=\"https:\/\/media.ccc.de\/c\/vcfb2017\" target=\"_blank\">https:\/\/media.ccc.de\/c\/vcfb2017<\/a>).<\/p>\n<p>Wolfgang Stief erweitertete auch dieses Jahr seine Vortragsreihe \u00fcber Seymour Cray und seine Rolle im Supercomputing. Nach den Vortr\u00e4gen &#8222;<a href=\"https:\/\/speakerdeck.com\/stiefkind\/wie-das-supercomputing-auf-die-welt-kam\" target=\"_blank\">Wie das Supercomputing auf die Welt kam<\/a>&#8220; aus dem Jahr 2015 und &#8222;<a href=\"https:\/\/speakerdeck.com\/stiefkind\/defining-supercomputing-seymour-cray-und-die-cdc-6600\" target=\"_blank\">Defining Supercomputing \u2014 Seymour Cray und die CDC 6600<\/a>&#8220; aus dem Jahr 2016, ging es thematisch weiter in die 70er Jahre mit dem Thema &#8222;<a href=\"https:\/\/speakerdeck.com\/stiefkind\/vcfb2017-cray-1-ikone-des-supercomputing-wie-die-maschine-zur-welt-kam-und-was-danach-passierte\" target=\"_blank\">Cray-1, Ikone des Supercomputing \u2013 Wie die Maschine zur Welt kam, und was danach passierte<\/a>&#8222;.<\/p>\n<p>Eine kleine Anekdote: Als ich ihn nach dem Vortrag auf die CRAY-2 hinwies, die keine 30m von dem Vortragsraum entfernt steht, zeigte sich Wolfgang Stief \u00fcberrascht. Ich hatte mich schon gewundert, weshalb er in seinem Vortrag darauf hingewiesen hatte.<\/p>\n<div id=\"attachment_2622\" style=\"width: 490px\" class=\"wp-caption aligncenter\"><img loading=\"lazy\" decoding=\"async\" aria-describedby=\"caption-attachment-2622\" class=\"size-medium wp-image-2622\" src=\"http:\/\/www.ollmetzer.com\/wp-content\/uploads\/2016\/02\/DSC_0730-480x342.jpg\" alt=\"Cray 2 im Deutschen Technikmuseum\" width=\"480\" height=\"342\" srcset=\"https:\/\/www.ollmetzer.com\/wp-content\/uploads\/2016\/02\/DSC_0730-480x342.jpg 480w, https:\/\/www.ollmetzer.com\/wp-content\/uploads\/2016\/02\/DSC_0730-1024x730.jpg 1024w\" sizes=\"auto, (max-width: 480px) 100vw, 480px\" \/><p id=\"caption-attachment-2622\" class=\"wp-caption-text\">Cray 2 im Deutschen Technikmuseum<\/p><\/div>\n<p>Den anderen Vortrag, den ich mir angeh\u00f6rt habe, hielt Rolf-Dieter Klein, der leider kurzfristig verhindert war, aber\u00a0 per Skype hinzugeschaltet wurde. Er stellte die Entwicklung des bereits genannten <a href=\"https:\/\/de.wikipedia.org\/wiki\/NDR-Klein-Computer\" target=\"_blank\">NDR-Klein Computers<\/a> vor, der Anfang der 80er Jahre in einer 26-teiligen Fernsehserie vorgestellt wurde um dem Publikum die Grundlagen des Computing nahezubringen.<\/p>\n<p><strong>Fazit<\/strong><\/p>\n<p>Das vierte Vintage Computing Festival Berlin war wieder sehr interessant und anregend. Der neue Veranstaltumgsort erm\u00f6glicht es, die Spannbreite historischer Rechentechnik einem breiteren Publikum nahezubringen. Zudem ist es eine hervorragende Erg\u00e4nzung zu den anderen Artefakten des Museums, die in der Regel nicht operativ betrieben werden und so den Charakter der historischer Rechentechnik nicht so gut transportieren k\u00f6nnen. Insofern hoffe ich, dass sich das Deutsche Techniskmuseum dazu entschliessen kann, seine R\u00e4ume auch f\u00fcr das VCFB 2018 zur Verf\u00fcgung zu stellen.<\/p>\n","protected":false},"excerpt":{"rendered":"<p>Auch in diesem Jahr fand wieder das Vintage Computing Festival Berlin statt. Im Gegensatz zu dem vergangenen Jahren (siehe 2014, 2015 und 2016) wurde die Veranstaltung nicht mehr in der Humbuldt Universit\u00e4t, sondern im Deutschen Technikmuseum am Gleisdreieck abgehalten. Veranstaltugsort war nicht das Hauptgeb\u00e4ude, sondern die R\u00e4ume am Ende der Ladestrasse auf dem Gel\u00e4nde des [&hellip;]<\/p>\n","protected":false},"author":1,"featured_media":0,"comment_status":"closed","ping_status":"closed","sticky":false,"template":"","format":"standard","meta":{"footnotes":""},"categories":[3,14],"tags":[],"class_list":["post-3014","post","type-post","status-publish","format-standard","hentry","category-gizmos","category-retro"],"_links":{"self":[{"href":"https:\/\/www.ollmetzer.com\/index.php?rest_route=\/wp\/v2\/posts\/3014","targetHints":{"allow":["GET"]}}],"collection":[{"href":"https:\/\/www.ollmetzer.com\/index.php?rest_route=\/wp\/v2\/posts"}],"about":[{"href":"https:\/\/www.ollmetzer.com\/index.php?rest_route=\/wp\/v2\/types\/post"}],"author":[{"embeddable":true,"href":"https:\/\/www.ollmetzer.com\/index.php?rest_route=\/wp\/v2\/users\/1"}],"replies":[{"embeddable":true,"href":"https:\/\/www.ollmetzer.com\/index.php?rest_route=%2Fwp%2Fv2%2Fcomments&post=3014"}],"version-history":[{"count":11,"href":"https:\/\/www.ollmetzer.com\/index.php?rest_route=\/wp\/v2\/posts\/3014\/revisions"}],"predecessor-version":[{"id":3031,"href":"https:\/\/www.ollmetzer.com\/index.php?rest_route=\/wp\/v2\/posts\/3014\/revisions\/3031"}],"wp:attachment":[{"href":"https:\/\/www.ollmetzer.com\/index.php?rest_route=%2Fwp%2Fv2%2Fmedia&parent=3014"}],"wp:term":[{"taxonomy":"category","embeddable":true,"href":"https:\/\/www.ollmetzer.com\/index.php?rest_route=%2Fwp%2Fv2%2Fcategories&post=3014"},{"taxonomy":"post_tag","embeddable":true,"href":"https:\/\/www.ollmetzer.com\/index.php?rest_route=%2Fwp%2Fv2%2Ftags&post=3014"}],"curies":[{"name":"wp","href":"https:\/\/api.w.org\/{rel}","templated":true}]}}