{"id":4756,"date":"2022-12-28T13:11:26","date_gmt":"2022-12-28T12:11:26","guid":{"rendered":"https:\/\/www.ollmetzer.com\/?p=4756"},"modified":"2022-12-28T13:11:26","modified_gmt":"2022-12-28T12:11:26","slug":"jahresrueckblick-und-co2-bilanz-2022","status":"publish","type":"post","link":"https:\/\/www.ollmetzer.com\/?p=4756","title":{"rendered":"Jahresr\u00fcckblick und CO2 Bilanz 2022"},"content":{"rendered":"\n<p>Das Jahr ist fast vorbei &#8211; Zeit f\u00fcr einen R\u00fcckblick. Nach zwei Jahren Pandemie war 2022 das erste Jahr, in dem man endlich wieder etwas unternehmen konnte, Leute treffen, Reisen. Und das habe ich gut genutzt, denn seien wir ehrlich &#8211; jeder von uns sp\u00fcrt da Nachholbedarf. <\/p>\n\n\n\n<p>Nun ist &#8222;etwas zu unternehmen&#8220; in der Regel leider auch mit Energieverbrauch verbunden. Daher kombiniere ich mal den Jahresr\u00fcckblick mit meiner aktuellen CO2 Bilanz und vergleich sie mit der, die ich f\u00fcr 2019 &#8211; dem letzten Jahr vor Corona &#8211; aufgestellt hatte (<a href=\"https:\/\/www.ollmetzer.com\/?p=3863\">Meine CO2 Bilanz im Vergleich<\/a>). Damit die Zahlen vergleichbar sind, habe ich wieder den <a rel=\"noreferrer noopener\" href=\"https:\/\/uba.co2-rechner.de\/de_DE\" target=\"_blank\">CO2 Rechner des Umweltbundesamtes<\/a> verwendet.<\/p>\n\n\n\n<p><strong>Meine Unternehmungen und Highlights 2022<\/strong><\/p>\n\n\n\n<p>Im Mai fuhr ich bei sch\u00f6nstem Fr\u00fchlingswetter mit dem Motorrad in die Schorfheide. Dort fand zum 27. Mal der <a href=\"https:\/\/www.ollmetzer.com\/?p=4430\">Motorradgottesdienst Friedrichswalde<\/a> statt. Eine sehr sch\u00f6ne Veranstaltung, die sogar mich alten ungl\u00e4ubigen Zausel in die Kirche bringt.<\/p>\n\n\n\n<p>Ein Wochenende sp\u00e4ter im Mai habe ich die <a href=\"https:\/\/www.ollmetzer.com\/?p=4456\">Die wahrscheinlich l\u00e4ssigste Musikmesse der Welt<\/a> besucht: Die Superbooth. Eine sehr entspannte und sehr -hmm <em>andere<\/em> &#8211; Veranstaltung rund um elektronische Musik. Gef\u00fchlt eher ein Festival, statt einer Messe.<\/p>\n\n\n\n<p>Das verl\u00e4ngerte Wochenende habe ich genutzt, um <a href=\"https:\/\/www.ollmetzer.com\/?p=4491\">Himmelfahrt aufs Land<\/a> nach Niedersachsen zu fahren. Dort habe ich Teile meiner Verwandschaft besucht, die ich leider viel zu selten sehe. Das war mir sehr wichtig und wir hatten viele interssante Gespr\u00e4che.<\/p>\n\n\n\n<p>Ebenfalls noch im Juni habe ich mich zum ersten Mal nach zwei Jahren wieder in ein Flugzeug gesetzt, um die <a href=\"https:\/\/www.ollmetzer.com\/?p=4513\">Biennale Arte 2022, Venedig<\/a> in Venedig zu besuchen. Die Biennale selbst hatte H\u00f6hen, Tiefen und L\u00e4ngen, aber Venedig ist immer eine Reise wert.<\/p>\n\n\n\n<p>Da mein Programm f\u00fcr 2022 schon recht dicht war, habe ich mir den Besuch der Documenta in Kassel gespart. Nach dem wirklich peinlichen und unprofessionellen Gew\u00fcrge um die Veranstaltung war ich im Nachhinein auch ganz froh.<\/p>\n\n\n\n<p>Im Gegensatz dazu war das erste Festival f\u00fcr elektrische Motorr\u00e4der in Berlin im Juli, sehr klein und noch etwas improvisiert aber erhellend und spassig. Vor allem hatte ich endlich die Gelegenheit, <a href=\"https:\/\/www.ollmetzer.com\/?p=4551\">Viele Zweir\u00e4der mit Stromantrieb<\/a> auszuprobieren. Mein Fazit: Ganz klar &#8211; die Zukunft ist elektrisch!<\/p>\n\n\n\n<p>\u00dcberhaupt habe ich das ganze Jahr lang immer mal wieder (f\u00fcr mich) neue Fahrzeugtypen ausprobiert: sportliche Fahrr\u00e4der, Klappr\u00e4der, Dreir\u00e4der, E-Bikes und Elektro Motorr\u00e4der.<\/p>\n\n\n\n<p>Der Sommer war etwas ruhiger und ich habe im Wesentlichen versucht, mich von der Hitze fernzuhalten.<\/p>\n\n\n\n<p>Im August habe ich in Hamburg Freunde wiedergesehen, die nach Kalifornien ausgewandert sind und ihren Urlaub in der alten Heimat verbrachten. Anschlie\u00dfend verschlug es mich f\u00fcr eine Woche nach Gl\u00fccksburg an die Ostsee. Allerdings nicht zum Urlaub, sondern um Remote Work auszuprobieren. Ja geht, aber man muss schon etwas flexibel sein und es kostet nat\u00fcrlich auch.<\/p>\n\n\n\n<p>Im September hat es mich dann f\u00fcr vier Tage nach Mallorca verschlagen &#8211; wiederum nicht zum Urlaub, sondern zum Besuch der <a href=\"https:\/\/www.ollmetzer.com\/?p=4617\">Web Engineering Unconference 2022<\/a>.<\/p>\n\n\n\n<p>Der Oktober wurde <a href=\"https:\/\/www.ollmetzer.com\/?p=4644\">Vintage Computing Festival Berlin 2022<\/a> eingel\u00e4utet. Diese Mal wieder in der Humboldt Universit\u00e4t und mit einem spannenden Programm und vielen interessanten Ausstellungsst\u00fccken.<\/p>\n\n\n\n<p>Ende Oktober habe ich einen Freund in London besucht (<a href=\"https:\/\/www.ollmetzer.com\/?p=4675\">London, Oktober 2022<\/a>). In der Woche haben wir viele Dinge unternommen, Museen besucht, Spass gehabt.<\/p>\n\n\n\n<p>Das Jahr 2022 kann ich f\u00fcr mich so zusammenfassen: Ich habe endlich wieder viele liebe Menschen wiedergetroffen und dar\u00fcberhinaus sehr viele interessante und anregende Veranstaltungen und Orte besucht. Das war gut f\u00fcr die Seele und den Geist.<\/p>\n\n\n\n<p><strong>Meine CO2 Bilanz f\u00fcr 2022<\/strong><\/p>\n\n\n\n<p>Nicht so gut, dass ich drei mal geflogen bin, aber da ich im Alltag dank Homeoffice und Fahrrad mittlerweile fast vollst\u00e4ndig nicht nur auf das Auto, sondern auch auf \u00f6ffentliche Verkehrsmittel verzichte, ist das vielleicht gerade noch O.K. Schauen wir uns die Zahlen an:<\/p>\n\n\n\n<figure class=\"wp-block-image size-large\"><img loading=\"lazy\" decoding=\"async\" width=\"640\" height=\"351\" src=\"https:\/\/www.ollmetzer.com\/wp-content\/uploads\/2022\/12\/co2-bilanz-2022-640x351.png\" alt=\"\" class=\"wp-image-4760\" srcset=\"https:\/\/www.ollmetzer.com\/wp-content\/uploads\/2022\/12\/co2-bilanz-2022-640x351.png 640w, https:\/\/www.ollmetzer.com\/wp-content\/uploads\/2022\/12\/co2-bilanz-2022-768x421.png 768w, https:\/\/www.ollmetzer.com\/wp-content\/uploads\/2022\/12\/co2-bilanz-2022.png 1154w\" sizes=\"auto, (max-width: 640px) 100vw, 640px\" \/><\/figure>\n\n\n\n<p>Im Jahr 2019 lag die durchschnittliche CO2 Emission pro Kopf in Deutschland bei 11,61 Tonnen. Mit meinen 9,22 Tonnen war ich ca. 20% weniger schlimm.<\/p>\n\n\n\n<p>Im Jahr 2022 ist die durschnittliche CO2 Emission pro Kopf in Deutschland um knapp 8% auf 10,78 Tonnen gesunken. Meine Emissionen sind ebenfalls gesunken. Um knapp \u00fcber 4% von 9,22 auf 8,83 Tonnen. Damit liege ich weiterhin 20% unter dem Bundesdurchschnitt.<\/p>\n\n\n\n<p>Trotz des positiven Trends &#8211; das ist nat\u00fcrlich immer noch meilenweit von den 2 Tonnen entfernt, die pro Kopf maximal drin sind, um die Erderw\u00e4rmung zu stoppen.<\/p>\n\n\n\n<p><\/p>\n","protected":false},"excerpt":{"rendered":"<p>Das Jahr ist fast vorbei &#8211; Zeit f\u00fcr einen R\u00fcckblick. Nach zwei Jahren Pandemie war 2022 das erste Jahr, in dem man endlich wieder etwas unternehmen konnte, Leute treffen, Reisen. Und das habe ich gut genutzt, denn seien wir ehrlich &#8211; jeder von uns sp\u00fcrt da Nachholbedarf. Nun ist &#8222;etwas zu unternehmen&#8220; in der Regel [&hellip;]<\/p>\n","protected":false},"author":1,"featured_media":0,"comment_status":"closed","ping_status":"closed","sticky":false,"template":"","format":"standard","meta":{"footnotes":""},"categories":[4,21,6],"tags":[],"class_list":["post-4756","post","type-post","status-publish","format-standard","hentry","category-mobilesleben","category-umwelt","category-unterwegs"],"_links":{"self":[{"href":"https:\/\/www.ollmetzer.com\/index.php?rest_route=\/wp\/v2\/posts\/4756","targetHints":{"allow":["GET"]}}],"collection":[{"href":"https:\/\/www.ollmetzer.com\/index.php?rest_route=\/wp\/v2\/posts"}],"about":[{"href":"https:\/\/www.ollmetzer.com\/index.php?rest_route=\/wp\/v2\/types\/post"}],"author":[{"embeddable":true,"href":"https:\/\/www.ollmetzer.com\/index.php?rest_route=\/wp\/v2\/users\/1"}],"replies":[{"embeddable":true,"href":"https:\/\/www.ollmetzer.com\/index.php?rest_route=%2Fwp%2Fv2%2Fcomments&post=4756"}],"version-history":[{"count":4,"href":"https:\/\/www.ollmetzer.com\/index.php?rest_route=\/wp\/v2\/posts\/4756\/revisions"}],"predecessor-version":[{"id":4762,"href":"https:\/\/www.ollmetzer.com\/index.php?rest_route=\/wp\/v2\/posts\/4756\/revisions\/4762"}],"wp:attachment":[{"href":"https:\/\/www.ollmetzer.com\/index.php?rest_route=%2Fwp%2Fv2%2Fmedia&parent=4756"}],"wp:term":[{"taxonomy":"category","embeddable":true,"href":"https:\/\/www.ollmetzer.com\/index.php?rest_route=%2Fwp%2Fv2%2Fcategories&post=4756"},{"taxonomy":"post_tag","embeddable":true,"href":"https:\/\/www.ollmetzer.com\/index.php?rest_route=%2Fwp%2Fv2%2Ftags&post=4756"}],"curies":[{"name":"wp","href":"https:\/\/api.w.org\/{rel}","templated":true}]}}