{"id":5290,"date":"2024-09-29T16:37:20","date_gmt":"2024-09-29T14:37:20","guid":{"rendered":"https:\/\/www.ollmetzer.com\/?p=5290"},"modified":"2025-10-25T15:58:54","modified_gmt":"2025-10-25T13:58:54","slug":"web-engineering-unconference-2024","status":"publish","type":"post","link":"https:\/\/www.ollmetzer.com\/?p=5290","title":{"rendered":"Web Engineering Unconference 2024"},"content":{"rendered":"\n<p>In diesem Jahr habe ich wieder die <a href=\"https:\/\/weuc.eu\/\">Web Engineering Unconference<\/a> besucht, die vom 20. bis zum 22. September in Palma de Mallorca stattfand. Mittlerweile eine lieb gewonnenen Gewohnheit und auch dieses Mal waren die Vortr\u00e4ge, Diskussionen und Gespr\u00e4che interessant und anregend.<\/p>\n\n\n\n<figure class=\"wp-block-image size-large\"><img loading=\"lazy\" decoding=\"async\" width=\"640\" height=\"370\" src=\"https:\/\/www.ollmetzer.com\/wp-content\/uploads\/2024\/09\/20240920_170133-640x370.jpg\" alt=\"\" class=\"wp-image-5298\" srcset=\"https:\/\/www.ollmetzer.com\/wp-content\/uploads\/2024\/09\/20240920_170133-640x370.jpg 640w, https:\/\/www.ollmetzer.com\/wp-content\/uploads\/2024\/09\/20240920_170133-768x444.jpg 768w, https:\/\/www.ollmetzer.com\/wp-content\/uploads\/2024\/09\/20240920_170133.jpg 1440w\" sizes=\"auto, (max-width: 640px) 100vw, 640px\" \/><figcaption class=\"wp-element-caption\">Blick \u00fcber Palma &#8211; einige Wolken und viel Sonne<\/figcaption><\/figure>\n\n\n\n<p>Das ist umso sch\u00f6ner, weil Anfang des Jahres durchaus dunkle Wolken am Veranstaltungshimmel zu sehen waren. Das eingespielte Orga Team der letzten Jahre hatte aufgeh\u00f6rt. Das neue Team musste sich erst finden, weshalb die Ank\u00fcndigung recht sp\u00e4t kam. Zwischenzeitlich waren Flug- und Hotelpreise ordentlich gestiegen und das alles in einem wirtschaftliche schwierigeren Umfeld. <\/p>\n\n\n\n<p>Erfreulicherweise wurden trotz der halbierten Teilnehmerzahl auch dieses Mal wieder viele interessante Themen pr\u00e4sentiert. Die informellen Gespr\u00e4che jenseits der eigentlichen Konferenz waren anregend und vielschichtig.<\/p>\n\n\n\n<figure class=\"wp-block-image size-large\"><img loading=\"lazy\" decoding=\"async\" width=\"640\" height=\"370\" src=\"https:\/\/www.ollmetzer.com\/wp-content\/uploads\/2024\/09\/20240921_095034-640x370.jpg\" alt=\"\" class=\"wp-image-5296\" srcset=\"https:\/\/www.ollmetzer.com\/wp-content\/uploads\/2024\/09\/20240921_095034-640x370.jpg 640w, https:\/\/www.ollmetzer.com\/wp-content\/uploads\/2024\/09\/20240921_095034-768x444.jpg 768w, https:\/\/www.ollmetzer.com\/wp-content\/uploads\/2024\/09\/20240921_095034.jpg 1440w\" sizes=\"auto, (max-width: 640px) 100vw, 640px\" \/><figcaption class=\"wp-element-caption\">Teilnehmer bei der Themenfindung<\/figcaption><\/figure>\n\n\n\n<p>Das kommt sicherlich auch daher, dass dieses kleine, aber feine Branchentreffen keine herk\u00f6mmliche Konferenz ist sondern eine <a href=\"https:\/\/de.wikipedia.org\/wiki\/Tagung#Unkonferenz\">Unkonferenz<\/a>. Hier wird nicht zwischen Zuh\u00f6rern und Vortragenden unterschieden, sondern jeder kann seine eigenen Themen mitbringen und vorstellen. Alle zusammen stimmen dann ab, welche Themen angenommen werden.<\/p>\n\n\n\n<p>Das kann auch recht spontan sein. Einen eigenen Vortrag hatte ich dieses Mal nicht vorbereitet. Mir ging aber seit l\u00e4ngerem ein Thema durch den Kopf, das ich nicht so recht zu fassen bekam. Am Vorabend habe ich das einigen Leuten gegen\u00fcber erw\u00e4hnt und die Reaktion war immer &#8222;Mensch, das ist doch relevant und spannend &#8211; mach was dazu!&#8220;<\/p>\n\n\n\n<p>Das Thema ist <em>st\u00e4ndig steigende Komplexit\u00e4t<\/em>.<\/p>\n\n\n\n<p>Genauer die Frage, weshalb wir dazu tendieren, Systeme immer komplexer zu machen, bis sie nicht mehr richtig funktionieren oder aktualisiert werden k\u00f6nnen. Konkreter Anlass war das Refactoring einer umfangreichen Software, aber das Problem ist nicht technisch, sondern eher universell.<br><br>Die \u00fcblichen Ans\u00e4tze, steigende Komplexit\u00e4t in den Griff zu bekommen, laufen darauf hinaus, neue Werkzeuge und Verfahren zu etablieren, um die Komplexit\u00e4t zu <em>managen<\/em>. Leider wird das Problem dadurch nicht <em>gel\u00f6st<\/em>, sondern nur verschoben und die Gesamtkomplexit\u00e4t steigt durch die neuen Tools sogar noch weiter an.<\/p>\n\n\n\n<p>Oft w\u00e4re es besser, stattdessen die Komplexit\u00e4t zu reduzieren, aber diese Weg wird fast nie gegangen. Mich interessierte die Frage, weshalb das so ist. Zumal das kein technisches Problem ist. Wir sehen dieselben Muster bei allen m\u00f6glichen Organisation in der Wirtschaft und auf staatlicher Seite.<\/p>\n\n\n\n<figure class=\"wp-block-image size-large\"><img loading=\"lazy\" decoding=\"async\" width=\"640\" height=\"370\" src=\"https:\/\/www.ollmetzer.com\/wp-content\/uploads\/2024\/09\/IMG_6490-640x370.jpeg\" alt=\"\" class=\"wp-image-5295\" srcset=\"https:\/\/www.ollmetzer.com\/wp-content\/uploads\/2024\/09\/IMG_6490-640x370.jpeg 640w, https:\/\/www.ollmetzer.com\/wp-content\/uploads\/2024\/09\/IMG_6490-768x444.jpeg 768w, https:\/\/www.ollmetzer.com\/wp-content\/uploads\/2024\/09\/IMG_6490.jpeg 1440w\" sizes=\"auto, (max-width: 640px) 100vw, 640px\" \/><figcaption class=\"wp-element-caption\">Session &#8222;Komplexit\u00e4t&#8220; mit Julia und Dirk (Foto von Maria Adler)<\/figcaption><\/figure>\n\n\n\n<p>Ich hatte also Szenarien und Fragen mitgebracht. Passenderweise hatte Julia Dorandt (<a href=\"https:\/\/www.judithandresen.com\/\">Beratung Judith Andresen<\/a>) einen Vortrag vorbereitet, in dem sie Strategien vorstellte, die Individuen nutzen, um in einem komplexen System handlungsf\u00e4hig zu bleiben. Stichwort &#8222;<a href=\"https:\/\/de.wikipedia.org\/wiki\/Kampf-oder-Flucht-Reaktion\">fight flight freeze fawn<\/a>&#8222;.<br>Wir haben also zusammen einen Slot genutzt, in dem ich einleitend die Fragestellung aufgeworfen habe und Julia anschlie\u00dfend die Theorien aus der Verhaltenspsychologie erl\u00e4utert hat.<\/p>\n\n\n\n<p>F\u00fcr das Thema haben wir viel positives Feedback bekommen. Ich konnte jedoch leider keine konkreten Handlungsempfehlungen ableiten. Als ich in der darauf folgenden Woche in meiner Firma davon erz\u00e4hlte, wurde das Thema aufmerksam aufgenommen und ich bekam einige gute Hinweise auf Quellen zu dem Thema.<\/p>\n\n\n\n<p>Weitere <em>weiche Themen<\/em> auf der WEUC waren <a href=\"https:\/\/de.wikipedia.org\/wiki\/Neurodiversit%C3%A4t\">Neurodiversit\u00e4t<\/a>, &#8222;Talking to people&#8220; und Kommunikation in schwierigen Organisationsstrukturen.<\/p>\n\n\n\n<p>Technische Vortr\u00e4ge gab es nat\u00fcrlich auch. <\/p>\n\n\n\n<p>Alexander M. Turek hielt einen Vortrag zu &#8222;Strict PHP&#8220;. Was bedeutet das, wozu ist es gut und weshalb es nicht reicht, das einfach im Programm zu deklarieren.<\/p>\n\n\n\n<p>Rainer Schuppe (<a href=\"https:\/\/observability-heroes.com\/\">Oberservability Heroes<\/a>) stellte <a href=\"https:\/\/opentelemetry.io\/\">Open Telemetry<\/a> vor &#8211; ein Framework zur Erfassung von Messdaten. Er demonstrierte Einsatzzwecke und M\u00f6glichkeiten zur Datenauswertung.<\/p>\n\n\n\n<p>Und nat\u00fcrlich gab es auch in diesem Jahr wieder einige Slots zum Thema &#8222;K\u00fcnstliche Intelligenz&#8220;. W\u00e4hrend KI in den vergangenen zwei Jahren eher als enormes Potential gesehen wurde, nimmt nun die tats\u00e4chliche Nutzung sprunghaft zu. Beispiele:<\/p>\n\n\n\n<ul class=\"wp-block-list\">\n<li>Automatisierte Website Analyse<\/li>\n\n\n\n<li>Suche in und Zusammenfassung von gro\u00dfen Dokumentensammlungen<\/li>\n\n\n\n<li>Unterst\u00fctzung beim Programmieren und Einsatz bei personalisierter Akquise.<\/li>\n\n\n\n<li>Automatische Erstellung von &#8222;best of presentation&#8220; Videos. Der Teilnehmer kommentierte das so: &#8222;Das Ergebnis sind so eine Art TikTok Videoschnipsel von unseren Vortr\u00e4gen.&#8220;<\/li>\n<\/ul>\n\n\n\n<p>Bei generativer KI zur Erzeugung von Bildern und Videos sind die enormen Verbesserungen der letzten zwei Jahre augenf\u00e4llig, aber es gibt noch immer zu viele eigent\u00fcmlichen Artefakte. Dennoch wurde gerade die Zusammenarbeit von <a href=\"https:\/\/runwayml.com\/\">Runway<\/a> (AI basierte Generierung von Videos) mit der Filmproduktionsfirma <a href=\"https:\/\/www.lionsgate.com\/\">Lionsgate<\/a> bekanntgegeben.<\/p>\n\n\n\n<p>Joschua Ziethen (<a href=\"https:\/\/www.yaa.dev\/\">Yet Another Agency<\/a>) zeigte interessante Beispiele zum Einsatz von KI Toolchains mit Hilfe von make.com. Zudem hat mich der Bastian Hofmann (<a href=\"https:\/\/qdrant.tech\/\">Qdrant<\/a>) zum Thema Vektordatenbanken sehr angesprochen.<\/p>\n\n\n\n<p>Trotz des reduzierten Umfangs gab es also auch in diesem Jahr wieder reichlich spannenden fachlichen Austausch. Ein Teilnehmer meinte sogar, dass er es gut fand, dass wir in diesem Jahr nur zwei, anstelle von drei parallelen Tracks hatten, weil man so weniger verpasst.<\/p>\n\n\n\n<figure class=\"wp-block-image size-large\"><img loading=\"lazy\" decoding=\"async\" width=\"640\" height=\"370\" src=\"https:\/\/www.ollmetzer.com\/wp-content\/uploads\/2024\/09\/20240921_121231-640x370.jpg\" alt=\"\" class=\"wp-image-5297\" srcset=\"https:\/\/www.ollmetzer.com\/wp-content\/uploads\/2024\/09\/20240921_121231-640x370.jpg 640w, https:\/\/www.ollmetzer.com\/wp-content\/uploads\/2024\/09\/20240921_121231-768x444.jpg 768w, https:\/\/www.ollmetzer.com\/wp-content\/uploads\/2024\/09\/20240921_121231.jpg 1440w\" sizes=\"auto, (max-width: 640px) 100vw, 640px\" \/><figcaption class=\"wp-element-caption\">Nur zwei anstelle von drei parallelen Tracks &#8211; aber interessante Themen<\/figcaption><\/figure>\n\n\n\n<p>Es gibt also viel Positives zu berichten. Dennoch haben mir aber viele von meinen Buddies aus der E-Commerce Szene gefehlt. Ohne Marco, Lars, Fabian oder Thomas ist es nicht so ganz dasselbe. Andererseits habe ich darum bei der Abendgestaltung nicht \u00fcber die Str\u00e4nge geschlagen. Das ist dann wiederum ganz gut f\u00fcr die Gesundheit des alten Mannes.<\/p>\n\n\n\n<p><strong>Hat die WEUC noch Zukunft?<\/strong><\/p>\n\n\n\n<p>Die Diskussion, ob wir die Veranstaltung im n\u00e4chsten Jahr weiterf\u00fchren sollen, wurde einstimmig bejaht. Wir waren uns auch einig, dass 50 Teilnehmer die Untergrenze sind und wir eher wieder auf 75 bis 90 kommen sollten.<\/p>\n\n\n\n<p>Diese zus\u00e4tzlichen Teilnehmer wollen wir vorzugsweise in anderen Branchen als e-commerce und au\u00dferhalb von Deutschland finden, um die Diversit\u00e4t an Themen und Sichtweisen zu f\u00f6rdern. Denn trotz Englisch als Konferenzsprache wurde der Anspruch, eine internationale Konferenz zu sein, in diesem Jahr nur knapp erreicht.<\/p>\n\n\n\n<p>Bei der Frage, ob es wieder Mallorca sein muss, gab es unterschiedliche Meinungen. Mir selbst ist das nicht so wichtig (&#8222;Meinetwegen Kassel oder Bielefeld&#8220;), so lange sich eine gute Mischung aus Teilnehmern und Themen findet. Die \u00fcberwiegende Mehrheit fand jedoch, dass die entspannte Atmosph\u00e4re und das Ambiente zum Erfolg der Veranstaltung beitr\u00e4gt.<\/p>\n\n\n\n<p>Da ist etwas dran. Das Besondere, weshalb ich jedes Jahr gerne wieder teilnehme ist die Offenheit, mit der hier Herausforderungen und L\u00f6sungsans\u00e4tze besprochen werden. Im Gegensatz zu anderen Konferenzen, steht hier nicht Verkauf und Selbstdarstellung im Vordergrund, sondern ehrlicher Gedankenaustausch.<\/p>\n\n\n\n<p>Zum Ende der Veranstaltung ein Zeichen zu setzen, sagte eine Sponsorin bereits die Unterst\u00fctzung f\u00fcr 2025 zu. Nun ist es an uns, den l\u00e4ngeren zeitlichen Vorlauf f\u00fcr eine gute Organisation und Medienarbeit zu nutzen.<\/p>\n\n\n\n<p>Auf dass die Web Engineering Unconference 2025 wieder interessant, spannend und lehrreich wird.<\/p>\n","protected":false},"excerpt":{"rendered":"<p>In diesem Jahr habe ich wieder die Web Engineering Unconference besucht, die vom 20. bis zum 22. September in Palma de Mallorca stattfand. Mittlerweile eine lieb gewonnenen Gewohnheit und auch dieses Mal waren die Vortr\u00e4ge, Diskussionen und Gespr\u00e4che interessant und anregend. Das ist umso sch\u00f6ner, weil Anfang des Jahres durchaus dunkle Wolken am Veranstaltungshimmel zu [&hellip;]<\/p>\n","protected":false},"author":1,"featured_media":0,"comment_status":"closed","ping_status":"closed","sticky":false,"template":"","format":"standard","meta":{"footnotes":""},"categories":[9,16,5,6],"tags":[],"class_list":["post-5290","post","type-post","status-publish","format-standard","hentry","category-development","category-ecommerce","category-misc","category-unterwegs"],"_links":{"self":[{"href":"https:\/\/www.ollmetzer.com\/index.php?rest_route=\/wp\/v2\/posts\/5290","targetHints":{"allow":["GET"]}}],"collection":[{"href":"https:\/\/www.ollmetzer.com\/index.php?rest_route=\/wp\/v2\/posts"}],"about":[{"href":"https:\/\/www.ollmetzer.com\/index.php?rest_route=\/wp\/v2\/types\/post"}],"author":[{"embeddable":true,"href":"https:\/\/www.ollmetzer.com\/index.php?rest_route=\/wp\/v2\/users\/1"}],"replies":[{"embeddable":true,"href":"https:\/\/www.ollmetzer.com\/index.php?rest_route=%2Fwp%2Fv2%2Fcomments&post=5290"}],"version-history":[{"count":19,"href":"https:\/\/www.ollmetzer.com\/index.php?rest_route=\/wp\/v2\/posts\/5290\/revisions"}],"predecessor-version":[{"id":5527,"href":"https:\/\/www.ollmetzer.com\/index.php?rest_route=\/wp\/v2\/posts\/5290\/revisions\/5527"}],"wp:attachment":[{"href":"https:\/\/www.ollmetzer.com\/index.php?rest_route=%2Fwp%2Fv2%2Fmedia&parent=5290"}],"wp:term":[{"taxonomy":"category","embeddable":true,"href":"https:\/\/www.ollmetzer.com\/index.php?rest_route=%2Fwp%2Fv2%2Fcategories&post=5290"},{"taxonomy":"post_tag","embeddable":true,"href":"https:\/\/www.ollmetzer.com\/index.php?rest_route=%2Fwp%2Fv2%2Ftags&post=5290"}],"curies":[{"name":"wp","href":"https:\/\/api.w.org\/{rel}","templated":true}]}}