{"id":591,"date":"2009-09-27T18:06:25","date_gmt":"2009-09-27T17:06:25","guid":{"rendered":"http:\/\/ollmetzer\/?p=591"},"modified":"2010-07-01T08:42:52","modified_gmt":"2010-07-01T08:42:52","slug":"rosenbeetmassaker-kunst-und-apfelgolf","status":"publish","type":"post","link":"https:\/\/www.ollmetzer.com\/?p=591","title":{"rendered":"Rosenbeetmassaker, Kunst und Apfelgolf"},"content":{"rendered":"<p>Letzte Woche genoss ich die relative Ruhe, nach einem aufreibenden go-live und konnte mir ein <em>wirklich<\/em> langes Wochenende g\u00f6nnen (Do bis So). Endlich kommt man dazu dringenden Papierkram zu erledigen, das Auto zur Inspektion zu bringen, sich selbst zur Instandhaltung (Zahnarzt) zu schleppen und sich um weitere Dinge zu k\u00fcmmern, die liegengeblieben waren. Daneben blieb noch Zeit f\u00fcr Kunst, Leute treffen und sonstige Freizeitbespassung. Dabei habe ich das traumhafte Wetter noch mal so richtig ausgenutzt, bevor der Herbst \u00fcber uns zieht. Der Hof wurde bereits Winterfest gemacht. Leider kam es dabei zu einem fiesen Rosenbeetmassaker. Ich weiss &#8211; Rosen m\u00fcssen mal zur\u00fcckgschnitten werden &#8211; aber sooo weit?<\/p>\n<div id=\"attachment_963\" style=\"width: 490px\" class=\"wp-caption aligncenter\"><a rel=\"attachment wp-att-963\" href=\"http:\/\/www.ollmetzer.com\/?attachment_id=963\"><img loading=\"lazy\" decoding=\"async\" aria-describedby=\"caption-attachment-963\" class=\"size-full wp-image-963\" title=\"rosenmassaker\" src=\"http:\/\/www.ollmetzer.com\/wp-content\/uploads\/2009\/rosenmassaker.jpg\" alt=\"Rosenbeetmassaker\" width=\"480\" height=\"360\" \/><\/a><p id=\"caption-attachment-963\" class=\"wp-caption-text\">Ungewohnte Kahlheit nach dem Rosenbeetmassaker<\/p><\/div>\n<p>Abends lief das Kulturprogramm. Dieses Jahr habe ich nur eine von gef\u00fchlten 50 Kunstmessen, die diese Woche in Berlin liefen besucht: Die Preview 09. Wie letztes Jahr fand sie im Flughafen Tempelhof statt. Da aber im Gegensatz zu letztem Jahr kein Flugbetrieb mehr stattfindet, wurde die Aussatellung vom Hangar in die Passagierhalle verlegt, was ich offen gestanden nicht f\u00fcr einen Gewinn halte.<\/p>\n<div id=\"attachment_964\" style=\"width: 490px\" class=\"wp-caption aligncenter\"><a rel=\"attachment wp-att-964\" href=\"http:\/\/www.ollmetzer.com\/?attachment_id=964\"><img loading=\"lazy\" decoding=\"async\" aria-describedby=\"caption-attachment-964\" class=\"size-full wp-image-964\" title=\"preview09_ueberblick\" src=\"http:\/\/www.ollmetzer.com\/wp-content\/uploads\/2009\/preview09_ueberblick.jpg\" alt=\"Preview09 Empfangshallehalle\" width=\"480\" height=\"360\" \/><\/a><p id=\"caption-attachment-964\" class=\"wp-caption-text\">Preview09 in der Passagierhalle vom ehem. THF<\/p><\/div>\n<p>Zun\u00e4chst war der Umfang geringer als 2008, zweitens haben mich die Exponate kalt gelassen und drittens war die Pr\u00e4sentation als ganzes nicht so gelungen, weil die Werke in dem Gewusel und in der pr\u00e4gnanten Umgebung nicht recht zur Geltung kamen. Schade. Ich hoffe n\u00e4chstes Jahr finden die Veranstalter zu dem Konzept alles in egalit\u00e4re weisse Ausstellungsboxen zu packen zur\u00fcck.<\/p>\n<p>Hingegen fand ich die Exponate in der Ausstellung im Raum 23 bei dem diesj\u00e4hrigen Fest der <a title=\"Josetti H\u00f6fe\" href=\"http:\/\/www.josettihoefe.de\/\" target=\"josetti\">Josetti-H\u00f6fe<\/a> (ein gr\u00fcnderzeitlicher Gewerbekomplex in Berlin Mitte) zum Teil deutlich ansprechender.<\/p>\n<div id=\"attachment_965\" style=\"width: 490px\" class=\"wp-caption aligncenter\"><a rel=\"attachment wp-att-965\" href=\"http:\/\/www.ollmetzer.com\/?attachment_id=965\"><img loading=\"lazy\" decoding=\"async\" aria-describedby=\"caption-attachment-965\" class=\"size-full wp-image-965\" title=\"josetti_r23\" src=\"http:\/\/www.ollmetzer.com\/wp-content\/uploads\/2009\/josetti_r23.jpg\" alt=\"Raum 23 in den Josetti-H\u00f6fen\" width=\"480\" height=\"360\" \/><\/a><p id=\"caption-attachment-965\" class=\"wp-caption-text\">Raum 23 in den Josetti-H\u00f6fen<\/p><\/div>\n<p>Dann gab es heute noch Abbaden im Weissensee und Apfelgolf auf Stralau. Apfelgolf? Die Frage war: &#8222;Wie kommen wir ohne Leiter an die reifen \u00c4pfel da oben?&#8220;<\/p>\n<p>Ganz einfach: Man nehme zwei Golfschl\u00e4ger und los gehts ;-)<\/p>\n<div id=\"attachment_966\" style=\"width: 370px\" class=\"wp-caption aligncenter\"><a rel=\"attachment wp-att-966\" href=\"http:\/\/www.ollmetzer.com\/?attachment_id=966\"><img loading=\"lazy\" decoding=\"async\" aria-describedby=\"caption-attachment-966\" class=\"size-full wp-image-966\" title=\"apfelgolf_1\" src=\"http:\/\/www.ollmetzer.com\/wp-content\/uploads\/2009\/apfelgolf_1.jpg\" alt=\"Apfelernte mit Golfschl\u00e4gern\" width=\"360\" height=\"480\" \/><\/a><p id=\"caption-attachment-966\" class=\"wp-caption-text\">Zwei Golfschl\u00e4ger kreuzen und strecken<\/p><\/div>\n<div id=\"attachment_967\" style=\"width: 370px\" class=\"wp-caption aligncenter\"><a rel=\"attachment wp-att-967\" href=\"http:\/\/www.ollmetzer.com\/?attachment_id=967\"><img loading=\"lazy\" decoding=\"async\" aria-describedby=\"caption-attachment-967\" class=\"size-full wp-image-967\" title=\"apfelgolf_2\" src=\"http:\/\/www.ollmetzer.com\/wp-content\/uploads\/2009\/apfelgolf_2.jpg\" alt=\"Apfelernte mit Golfschl\u00e4gern\" width=\"360\" height=\"480\" \/><\/a><p id=\"caption-attachment-967\" class=\"wp-caption-text\">...und schon liegt das leckere Obst vor einem.<\/p><\/div>\n","protected":false},"excerpt":{"rendered":"<p>Letzte Woche genoss ich die relative Ruhe, nach einem aufreibenden go-live und konnte mir ein wirklich langes Wochenende g\u00f6nnen (Do bis So). Endlich kommt man dazu dringenden Papierkram zu erledigen, das Auto zur Inspektion zu bringen, sich selbst zur Instandhaltung (Zahnarzt) zu schleppen und sich um weitere Dinge zu k\u00fcmmern, die liegengeblieben waren. Daneben blieb [&hellip;]<\/p>\n","protected":false},"author":1,"featured_media":0,"comment_status":"closed","ping_status":"closed","sticky":false,"template":"","format":"standard","meta":{"footnotes":""},"categories":[5],"tags":[],"class_list":["post-591","post","type-post","status-publish","format-standard","hentry","category-misc"],"_links":{"self":[{"href":"https:\/\/www.ollmetzer.com\/index.php?rest_route=\/wp\/v2\/posts\/591","targetHints":{"allow":["GET"]}}],"collection":[{"href":"https:\/\/www.ollmetzer.com\/index.php?rest_route=\/wp\/v2\/posts"}],"about":[{"href":"https:\/\/www.ollmetzer.com\/index.php?rest_route=\/wp\/v2\/types\/post"}],"author":[{"embeddable":true,"href":"https:\/\/www.ollmetzer.com\/index.php?rest_route=\/wp\/v2\/users\/1"}],"replies":[{"embeddable":true,"href":"https:\/\/www.ollmetzer.com\/index.php?rest_route=%2Fwp%2Fv2%2Fcomments&post=591"}],"version-history":[{"count":0,"href":"https:\/\/www.ollmetzer.com\/index.php?rest_route=\/wp\/v2\/posts\/591\/revisions"}],"wp:attachment":[{"href":"https:\/\/www.ollmetzer.com\/index.php?rest_route=%2Fwp%2Fv2%2Fmedia&parent=591"}],"wp:term":[{"taxonomy":"category","embeddable":true,"href":"https:\/\/www.ollmetzer.com\/index.php?rest_route=%2Fwp%2Fv2%2Fcategories&post=591"},{"taxonomy":"post_tag","embeddable":true,"href":"https:\/\/www.ollmetzer.com\/index.php?rest_route=%2Fwp%2Fv2%2Ftags&post=591"}],"curies":[{"name":"wp","href":"https:\/\/api.w.org\/{rel}","templated":true}]}}